{"id":42,"date":"2023-09-04T19:17:17","date_gmt":"2023-09-04T19:17:17","guid":{"rendered":"https:\/\/ubizportugal.pt\/cub%C3%ADcullum\/index.php\/2023\/09\/04\/a-beautiful-sunday-morning\/"},"modified":"2023-09-21T19:18:31","modified_gmt":"2023-09-21T19:18:31","slug":"a-beautiful-sunday-morning","status":"publish","type":"post","link":"https:\/\/dev.ubizportugal.pt\/cubicullum\/index.php\/2023\/09\/04\/a-beautiful-sunday-morning\/","title":{"rendered":"Caves de Vinho do Porto"},"content":{"rendered":"\n\n\n<span style=\"color:#000000;\"><p data-pm-slice=\"1 1 []\">Frente da cidade do Porto, <strong>na cidade de Vila nova de gaia<\/strong> , est\u00e1&nbsp;a maioria das caves onde, h\u00e1 centenas de anos, \u00e9 envelhecido o vinho fortificado mais famoso do mundo: o Porto<\/p><\/span>\n<span style=\"color:#000000;\"><p>Sandeman, Croft, <em>Caves<\/em> Ferreira, Real Companhia Velha e Ramos Pinho s\u00e3o algumas das <em>caves<\/em> de <em>vinho<\/em> do <em>Porto<\/em> que tem mesmo de conhecer.<\/p><\/span>\n\n\n\n","protected":false},"excerpt":{"rendered":"<p>O Porto \u00e9 famoso pelo seu vinho do Porto, e voc\u00ea pode visitar v\u00e1rias caves de vinho do Porto nas margens do Rio Douro, em Vila Nova de Gaia, onde pode fazer degusta\u00e7\u00f5es e conhecer a hist\u00f3ria e o processo de produ\u00e7\u00e3o do vinho.<\/p>\n","protected":false},"author":1,"featured_media":143,"comment_status":"closed","ping_status":"closed","sticky":false,"template":"","format":"standard","meta":{"pagelayer_contact_templates":[],"_pagelayer_content":"","footnotes":""},"categories":[14,15],"tags":[],"class_list":["post-42","post","type-post","status-publish","format-standard","has-post-thumbnail","hentry","category-gastronomia","category-todas"],"yoast_head":"<!-- This site is optimized with the Yoast SEO plugin v23.5 - https:\/\/yoast.com\/wordpress\/plugins\/seo\/ -->\n<title>Caves de Vinho do Porto - cub&iacute;cullum<\/title>\n<meta name=\"robots\" content=\"index, follow, max-snippet:-1, max-image-preview:large, max-video-preview:-1\" \/>\n<link rel=\"canonical\" href=\"https:\/\/dev.ubizportugal.pt\/cubicullum\/index.php\/2023\/09\/04\/a-beautiful-sunday-morning\/\" \/>\n<meta property=\"og:locale\" content=\"en_US\" \/>\n<meta property=\"og:type\" content=\"article\" \/>\n<meta property=\"og:title\" content=\"Caves de Vinho do Porto - cub&iacute;cullum\" \/>\n<meta property=\"og:description\" content=\"O Porto \u00e9 famoso pelo seu vinho do Porto, e voc\u00ea pode visitar v\u00e1rias caves de vinho do Porto nas margens do Rio Douro, em Vila Nova de Gaia, onde pode fazer degusta\u00e7\u00f5es e conhecer a hist\u00f3ria e o processo de produ\u00e7\u00e3o do vinho.\" \/>\n<meta property=\"og:url\" content=\"https:\/\/dev.ubizportugal.pt\/cubicullum\/index.php\/2023\/09\/04\/a-beautiful-sunday-morning\/\" \/>\n<meta property=\"og:site_name\" content=\"cub&iacute;cullum\" \/>\n<meta property=\"article:publisher\" content=\"https:\/\/www.facebook.com\/Cubicullum\" \/>\n<meta property=\"article:published_time\" content=\"2023-09-04T19:17:17+00:00\" \/>\n<meta property=\"article:modified_time\" content=\"2023-09-21T19:18:31+00:00\" \/>\n<meta property=\"og:image\" content=\"https:\/\/dev.ubizportugal.pt\/cubicullum\/wp-content\/uploads\/2023\/09\/OIP-2.jpeg\" \/>\n\t<meta property=\"og:image:width\" content=\"474\" \/>\n\t<meta property=\"og:image:height\" content=\"294\" \/>\n\t<meta property=\"og:image:type\" content=\"image\/jpeg\" \/>\n<meta name=\"author\" content=\"admin\" \/>\n<meta name=\"twitter:card\" content=\"summary_large_image\" \/>\n<meta name=\"twitter:label1\" content=\"Written by\" \/>\n\t<meta name=\"twitter:data1\" content=\"admin\" \/>\n<script type=\"application\/ld+json\" class=\"yoast-schema-graph\">{\"@context\":\"https:\/\/schema.org\",\"@graph\":[{\"@type\":\"Article\",\"@id\":\"https:\/\/dev.ubizportugal.pt\/cubicullum\/index.php\/2023\/09\/04\/a-beautiful-sunday-morning\/#article\",\"isPartOf\":{\"@id\":\"https:\/\/dev.ubizportugal.pt\/cubicullum\/index.php\/2023\/09\/04\/a-beautiful-sunday-morning\/\"},\"author\":{\"name\":\"admin\",\"@id\":\"https:\/\/dev.ubizportugal.pt\/cubicullum\/#\/schema\/person\/14a915dec03ae22d536e6918c61bf276\"},\"headline\":\"Caves de Vinho do Porto\",\"datePublished\":\"2023-09-04T19:17:17+00:00\",\"dateModified\":\"2023-09-21T19:18:31+00:00\",\"mainEntityOfPage\":{\"@id\":\"https:\/\/dev.ubizportugal.pt\/cubicullum\/index.php\/2023\/09\/04\/a-beautiful-sunday-morning\/\"},\"wordCount\":62,\"publisher\":{\"@id\":\"https:\/\/dev.ubizportugal.pt\/cubicullum\/#organization\"},\"image\":{\"@id\":\"https:\/\/dev.ubizportugal.pt\/cubicullum\/index.php\/2023\/09\/04\/a-beautiful-sunday-morning\/#primaryimage\"},\"thumbnailUrl\":\"https:\/\/dev.ubizportugal.pt\/cubicullum\/wp-content\/uploads\/2023\/09\/OIP-2.jpeg\",\"articleSection\":[\"Gastronomia\",\"Todas\"],\"inLanguage\":\"en-US\"},{\"@type\":\"WebPage\",\"@id\":\"https:\/\/dev.ubizportugal.pt\/cubicullum\/index.php\/2023\/09\/04\/a-beautiful-sunday-morning\/\",\"url\":\"https:\/\/dev.ubizportugal.pt\/cubicullum\/index.php\/2023\/09\/04\/a-beautiful-sunday-morning\/\",\"name\":\"Caves de Vinho do Porto - cub&iacute;cullum\",\"isPartOf\":{\"@id\":\"https:\/\/dev.ubizportugal.pt\/cubicullum\/#website\"},\"primaryImageOfPage\":{\"@id\":\"https:\/\/dev.ubizportugal.pt\/cubicullum\/index.php\/2023\/09\/04\/a-beautiful-sunday-morning\/#primaryimage\"},\"image\":{\"@id\":\"https:\/\/dev.ubizportugal.pt\/cubicullum\/index.php\/2023\/09\/04\/a-beautiful-sunday-morning\/#primaryimage\"},\"thumbnailUrl\":\"https:\/\/dev.ubizportugal.pt\/cubicullum\/wp-content\/uploads\/2023\/09\/OIP-2.jpeg\",\"datePublished\":\"2023-09-04T19:17:17+00:00\",\"dateModified\":\"2023-09-21T19:18:31+00:00\",\"breadcrumb\":{\"@id\":\"https:\/\/dev.ubizportugal.pt\/cubicullum\/index.php\/2023\/09\/04\/a-beautiful-sunday-morning\/#breadcrumb\"},\"inLanguage\":\"en-US\",\"potentialAction\":[{\"@type\":\"ReadAction\",\"target\":[\"https:\/\/dev.ubizportugal.pt\/cubicullum\/index.php\/2023\/09\/04\/a-beautiful-sunday-morning\/\"]}]},{\"@type\":\"ImageObject\",\"inLanguage\":\"en-US\",\"@id\":\"https:\/\/dev.ubizportugal.pt\/cubicullum\/index.php\/2023\/09\/04\/a-beautiful-sunday-morning\/#primaryimage\",\"url\":\"https:\/\/dev.ubizportugal.pt\/cubicullum\/wp-content\/uploads\/2023\/09\/OIP-2.jpeg\",\"contentUrl\":\"https:\/\/dev.ubizportugal.pt\/cubicullum\/wp-content\/uploads\/2023\/09\/OIP-2.jpeg\",\"width\":474,\"height\":294},{\"@type\":\"BreadcrumbList\",\"@id\":\"https:\/\/dev.ubizportugal.pt\/cubicullum\/index.php\/2023\/09\/04\/a-beautiful-sunday-morning\/#breadcrumb\",\"itemListElement\":[{\"@type\":\"ListItem\",\"position\":1,\"name\":\"Home\",\"item\":\"https:\/\/dev.ubizportugal.pt\/cubicullum\/\"},{\"@type\":\"ListItem\",\"position\":2,\"name\":\"Caves de Vinho do Porto\"}]},{\"@type\":\"WebSite\",\"@id\":\"https:\/\/dev.ubizportugal.pt\/cubicullum\/#website\",\"url\":\"https:\/\/dev.ubizportugal.pt\/cubicullum\/\",\"name\":\"Cub\u00edcullum\",\"description\":\"turism apartments rooms\",\"publisher\":{\"@id\":\"https:\/\/dev.ubizportugal.pt\/cubicullum\/#organization\"},\"potentialAction\":[{\"@type\":\"SearchAction\",\"target\":{\"@type\":\"EntryPoint\",\"urlTemplate\":\"https:\/\/dev.ubizportugal.pt\/cubicullum\/?s={search_term_string}\"},\"query-input\":{\"@type\":\"PropertyValueSpecification\",\"valueRequired\":true,\"valueName\":\"search_term_string\"}}],\"inLanguage\":\"en-US\"},{\"@type\":\"Organization\",\"@id\":\"https:\/\/dev.ubizportugal.pt\/cubicullum\/#organization\",\"name\":\"Cub\u00edcullum\",\"url\":\"https:\/\/dev.ubizportugal.pt\/cubicullum\/\",\"logo\":{\"@type\":\"ImageObject\",\"inLanguage\":\"en-US\",\"@id\":\"https:\/\/dev.ubizportugal.pt\/cubicullum\/#\/schema\/logo\/image\/\",\"url\":\"https:\/\/dev.ubizportugal.pt\/cubicullum\/wp-content\/uploads\/2023\/09\/cropped-cropped-Design-sem-nome-2.png\",\"contentUrl\":\"https:\/\/dev.ubizportugal.pt\/cubicullum\/wp-content\/uploads\/2023\/09\/cropped-cropped-Design-sem-nome-2.png\",\"width\":512,\"height\":512,\"caption\":\"Cub\u00edcullum\"},\"image\":{\"@id\":\"https:\/\/dev.ubizportugal.pt\/cubicullum\/#\/schema\/logo\/image\/\"},\"sameAs\":[\"https:\/\/www.facebook.com\/Cubicullum\",\"https:\/\/www.instagram.com\/cubiculum_gaya_rooms\/\"]},{\"@type\":\"Person\",\"@id\":\"https:\/\/dev.ubizportugal.pt\/cubicullum\/#\/schema\/person\/14a915dec03ae22d536e6918c61bf276\",\"name\":\"admin\",\"image\":{\"@type\":\"ImageObject\",\"inLanguage\":\"en-US\",\"@id\":\"https:\/\/dev.ubizportugal.pt\/cubicullum\/#\/schema\/person\/image\/\",\"url\":\"https:\/\/secure.gravatar.com\/avatar\/4da817ff365579c81614cc6165a515c97a5472785133718c40105ca1a30875d0?s=96&d=mm&r=g\",\"contentUrl\":\"https:\/\/secure.gravatar.com\/avatar\/4da817ff365579c81614cc6165a515c97a5472785133718c40105ca1a30875d0?s=96&d=mm&r=g\",\"caption\":\"admin\"},\"sameAs\":[\"https:\/\/cubicullum.pt\"],\"url\":\"https:\/\/dev.ubizportugal.pt\/cubicullum\/index.php\/author\/admin\/\"}]}<\/script>\n<!-- \/ Yoast SEO plugin. -->","yoast_head_json":{"title":"Caves de Vinho do Porto - cub&iacute;cullum","robots":{"index":"index","follow":"follow","max-snippet":"max-snippet:-1","max-image-preview":"max-image-preview:large","max-video-preview":"max-video-preview:-1"},"canonical":"https:\/\/dev.ubizportugal.pt\/cubicullum\/index.php\/2023\/09\/04\/a-beautiful-sunday-morning\/","og_locale":"en_US","og_type":"article","og_title":"Caves de Vinho do Porto - cub&iacute;cullum","og_description":"O Porto \u00e9 famoso pelo seu vinho do Porto, e voc\u00ea pode visitar v\u00e1rias caves de vinho do Porto nas margens do Rio Douro, em Vila Nova de Gaia, onde pode fazer degusta\u00e7\u00f5es e conhecer a hist\u00f3ria e o processo de produ\u00e7\u00e3o do vinho.","og_url":"https:\/\/dev.ubizportugal.pt\/cubicullum\/index.php\/2023\/09\/04\/a-beautiful-sunday-morning\/","og_site_name":"cub&iacute;cullum","article_publisher":"https:\/\/www.facebook.com\/Cubicullum","article_published_time":"2023-09-04T19:17:17+00:00","article_modified_time":"2023-09-21T19:18:31+00:00","og_image":[{"width":474,"height":294,"url":"https:\/\/dev.ubizportugal.pt\/cubicullum\/wp-content\/uploads\/2023\/09\/OIP-2.jpeg","type":"image\/jpeg"}],"author":"admin","twitter_card":"summary_large_image","twitter_misc":{"Written by":"admin"},"schema":{"@context":"https:\/\/schema.org","@graph":[{"@type":"Article","@id":"https:\/\/dev.ubizportugal.pt\/cubicullum\/index.php\/2023\/09\/04\/a-beautiful-sunday-morning\/#article","isPartOf":{"@id":"https:\/\/dev.ubizportugal.pt\/cubicullum\/index.php\/2023\/09\/04\/a-beautiful-sunday-morning\/"},"author":{"name":"admin","@id":"https:\/\/dev.ubizportugal.pt\/cubicullum\/#\/schema\/person\/14a915dec03ae22d536e6918c61bf276"},"headline":"Caves de Vinho do Porto","datePublished":"2023-09-04T19:17:17+00:00","dateModified":"2023-09-21T19:18:31+00:00","mainEntityOfPage":{"@id":"https:\/\/dev.ubizportugal.pt\/cubicullum\/index.php\/2023\/09\/04\/a-beautiful-sunday-morning\/"},"wordCount":62,"publisher":{"@id":"https:\/\/dev.ubizportugal.pt\/cubicullum\/#organization"},"image":{"@id":"https:\/\/dev.ubizportugal.pt\/cubicullum\/index.php\/2023\/09\/04\/a-beautiful-sunday-morning\/#primaryimage"},"thumbnailUrl":"https:\/\/dev.ubizportugal.pt\/cubicullum\/wp-content\/uploads\/2023\/09\/OIP-2.jpeg","articleSection":["Gastronomia","Todas"],"inLanguage":"en-US"},{"@type":"WebPage","@id":"https:\/\/dev.ubizportugal.pt\/cubicullum\/index.php\/2023\/09\/04\/a-beautiful-sunday-morning\/","url":"https:\/\/dev.ubizportugal.pt\/cubicullum\/index.php\/2023\/09\/04\/a-beautiful-sunday-morning\/","name":"Caves de Vinho do Porto - cub&iacute;cullum","isPartOf":{"@id":"https:\/\/dev.ubizportugal.pt\/cubicullum\/#website"},"primaryImageOfPage":{"@id":"https:\/\/dev.ubizportugal.pt\/cubicullum\/index.php\/2023\/09\/04\/a-beautiful-sunday-morning\/#primaryimage"},"image":{"@id":"https:\/\/dev.ubizportugal.pt\/cubicullum\/index.php\/2023\/09\/04\/a-beautiful-sunday-morning\/#primaryimage"},"thumbnailUrl":"https:\/\/dev.ubizportugal.pt\/cubicullum\/wp-content\/uploads\/2023\/09\/OIP-2.jpeg","datePublished":"2023-09-04T19:17:17+00:00","dateModified":"2023-09-21T19:18:31+00:00","breadcrumb":{"@id":"https:\/\/dev.ubizportugal.pt\/cubicullum\/index.php\/2023\/09\/04\/a-beautiful-sunday-morning\/#breadcrumb"},"inLanguage":"en-US","potentialAction":[{"@type":"ReadAction","target":["https:\/\/dev.ubizportugal.pt\/cubicullum\/index.php\/2023\/09\/04\/a-beautiful-sunday-morning\/"]}]},{"@type":"ImageObject","inLanguage":"en-US","@id":"https:\/\/dev.ubizportugal.pt\/cubicullum\/index.php\/2023\/09\/04\/a-beautiful-sunday-morning\/#primaryimage","url":"https:\/\/dev.ubizportugal.pt\/cubicullum\/wp-content\/uploads\/2023\/09\/OIP-2.jpeg","contentUrl":"https:\/\/dev.ubizportugal.pt\/cubicullum\/wp-content\/uploads\/2023\/09\/OIP-2.jpeg","width":474,"height":294},{"@type":"BreadcrumbList","@id":"https:\/\/dev.ubizportugal.pt\/cubicullum\/index.php\/2023\/09\/04\/a-beautiful-sunday-morning\/#breadcrumb","itemListElement":[{"@type":"ListItem","position":1,"name":"Home","item":"https:\/\/dev.ubizportugal.pt\/cubicullum\/"},{"@type":"ListItem","position":2,"name":"Caves de Vinho do Porto"}]},{"@type":"WebSite","@id":"https:\/\/dev.ubizportugal.pt\/cubicullum\/#website","url":"https:\/\/dev.ubizportugal.pt\/cubicullum\/","name":"Cub\u00edcullum","description":"turism apartments rooms","publisher":{"@id":"https:\/\/dev.ubizportugal.pt\/cubicullum\/#organization"},"potentialAction":[{"@type":"SearchAction","target":{"@type":"EntryPoint","urlTemplate":"https:\/\/dev.ubizportugal.pt\/cubicullum\/?s={search_term_string}"},"query-input":{"@type":"PropertyValueSpecification","valueRequired":true,"valueName":"search_term_string"}}],"inLanguage":"en-US"},{"@type":"Organization","@id":"https:\/\/dev.ubizportugal.pt\/cubicullum\/#organization","name":"Cub\u00edcullum","url":"https:\/\/dev.ubizportugal.pt\/cubicullum\/","logo":{"@type":"ImageObject","inLanguage":"en-US","@id":"https:\/\/dev.ubizportugal.pt\/cubicullum\/#\/schema\/logo\/image\/","url":"https:\/\/dev.ubizportugal.pt\/cubicullum\/wp-content\/uploads\/2023\/09\/cropped-cropped-Design-sem-nome-2.png","contentUrl":"https:\/\/dev.ubizportugal.pt\/cubicullum\/wp-content\/uploads\/2023\/09\/cropped-cropped-Design-sem-nome-2.png","width":512,"height":512,"caption":"Cub\u00edcullum"},"image":{"@id":"https:\/\/dev.ubizportugal.pt\/cubicullum\/#\/schema\/logo\/image\/"},"sameAs":["https:\/\/www.facebook.com\/Cubicullum","https:\/\/www.instagram.com\/cubiculum_gaya_rooms\/"]},{"@type":"Person","@id":"https:\/\/dev.ubizportugal.pt\/cubicullum\/#\/schema\/person\/14a915dec03ae22d536e6918c61bf276","name":"admin","image":{"@type":"ImageObject","inLanguage":"en-US","@id":"https:\/\/dev.ubizportugal.pt\/cubicullum\/#\/schema\/person\/image\/","url":"https:\/\/secure.gravatar.com\/avatar\/4da817ff365579c81614cc6165a515c97a5472785133718c40105ca1a30875d0?s=96&d=mm&r=g","contentUrl":"https:\/\/secure.gravatar.com\/avatar\/4da817ff365579c81614cc6165a515c97a5472785133718c40105ca1a30875d0?s=96&d=mm&r=g","caption":"admin"},"sameAs":["https:\/\/cubicullum.pt"],"url":"https:\/\/dev.ubizportugal.pt\/cubicullum\/index.php\/author\/admin\/"}]}},"_links":{"self":[{"href":"https:\/\/dev.ubizportugal.pt\/cubicullum\/index.php\/wp-json\/wp\/v2\/posts\/42","targetHints":{"allow":["GET"]}}],"collection":[{"href":"https:\/\/dev.ubizportugal.pt\/cubicullum\/index.php\/wp-json\/wp\/v2\/posts"}],"about":[{"href":"https:\/\/dev.ubizportugal.pt\/cubicullum\/index.php\/wp-json\/wp\/v2\/types\/post"}],"author":[{"embeddable":true,"href":"https:\/\/dev.ubizportugal.pt\/cubicullum\/index.php\/wp-json\/wp\/v2\/users\/1"}],"replies":[{"embeddable":true,"href":"https:\/\/dev.ubizportugal.pt\/cubicullum\/index.php\/wp-json\/wp\/v2\/comments?post=42"}],"version-history":[{"count":9,"href":"https:\/\/dev.ubizportugal.pt\/cubicullum\/index.php\/wp-json\/wp\/v2\/posts\/42\/revisions"}],"predecessor-version":[{"id":364,"href":"https:\/\/dev.ubizportugal.pt\/cubicullum\/index.php\/wp-json\/wp\/v2\/posts\/42\/revisions\/364"}],"wp:featuredmedia":[{"embeddable":true,"href":"https:\/\/dev.ubizportugal.pt\/cubicullum\/index.php\/wp-json\/wp\/v2\/media\/143"}],"wp:attachment":[{"href":"https:\/\/dev.ubizportugal.pt\/cubicullum\/index.php\/wp-json\/wp\/v2\/media?parent=42"}],"wp:term":[{"taxonomy":"category","embeddable":true,"href":"https:\/\/dev.ubizportugal.pt\/cubicullum\/index.php\/wp-json\/wp\/v2\/categories?post=42"},{"taxonomy":"post_tag","embeddable":true,"href":"https:\/\/dev.ubizportugal.pt\/cubicullum\/index.php\/wp-json\/wp\/v2\/tags?post=42"}],"curies":[{"name":"wp","href":"https:\/\/api.w.org\/{rel}","templated":true}]}}