{"id":41,"date":"2023-09-04T19:17:17","date_gmt":"2023-09-04T19:17:17","guid":{"rendered":"https:\/\/ubizportugal.pt\/cub%C3%ADcullum\/index.php\/2023\/09\/04\/kitchen-inspired-on-japanese\/"},"modified":"2023-10-03T19:10:15","modified_gmt":"2023-10-03T19:10:15","slug":"kitchen-inspired-on-japanese","status":"publish","type":"post","link":"https:\/\/dev.ubizportugal.pt\/cubicullum\/index.php\/2023\/09\/04\/kitchen-inspired-on-japanese\/","title":{"rendered":"Pal\u00e1cio da Bolsa"},"content":{"rendered":"\n\n\n<p>Situado no cora\u00e7\u00e3o do Porto, o Pal\u00e1cio da Bolsa \u00e9 um dos tesouros arquitet\u00f4nicos mais impressionantes da cidade. Este edif\u00edcio neocl\u00e1ssico \u00e9 um marco hist\u00f3rico que combina eleg\u00e2ncia, hist\u00f3ria e cultura, e \u00e9 conhecido por sua Sala \u00c1rabe exuberante. Se voc\u00ea est\u00e1 planejando uma visita \u00e0 cidade do Porto, n\u00e3o pode deixar de incluir o Pal\u00e1cio da Bolsa em seu itiner\u00e1rio.<\/p><p><strong><br><\/strong><\/p><p><strong>Uma Breve Hist\u00f3ria<\/strong><\/p><p>O Pal\u00e1cio da Bolsa foi constru\u00eddo no s\u00e9culo XIX, durante a \u00e9poca em que o Porto era um importante centro comercial e industrial de Portugal. Sua constru\u00e7\u00e3o foi iniciada em 1842 e levou cerca de 70 anos para ser conclu\u00edda. O edif\u00edcio foi projetado pelo arquiteto Joaquim da Costa Lima J\u00fanior e \u00e9 um exemplo not\u00e1vel da arquitetura neocl\u00e1ssica da \u00e9poca.<\/p><p><strong><br><\/strong><\/p><p><strong>A Sala \u00c1rabe Exuberante<\/strong><\/p><p>Uma das atra\u00e7\u00f5es mais not\u00e1veis do Pal\u00e1cio da Bolsa \u00e9 a sua Sala \u00c1rabe, uma obra-prima de rara beleza. Este sal\u00e3o ricamente decorado \u00e9 um testemunho da influ\u00eancia do estilo \u00e1rabe na arquitetura da \u00e9poca. Com suas colunas adornadas, arcos intrincados e detalhes ornamentados, a Sala \u00c1rabe \u00e9 um local deslumbrante que transporta os visitantes para uma era de opul\u00eancia e sofistica\u00e7\u00e3o.<\/p><p><strong><br><\/strong><\/p><p><strong>Visitas Guiadas<\/strong><\/p><p>Para realmente apreciar a riqueza hist\u00f3rica e arquitet\u00f4nica do Pal\u00e1cio da Bolsa, \u00e9 altamente recomend\u00e1vel participar de uma visita guiada. Guias especializados ir\u00e3o lev\u00e1-lo em uma jornada atrav\u00e9s das salas majestosas, contando hist\u00f3rias fascinantes sobre a hist\u00f3ria da cidade, a constru\u00e7\u00e3o do pal\u00e1cio e a import\u00e2ncia do Porto como centro comercial. Voc\u00ea tamb\u00e9m ter\u00e1 a oportunidade de explorar os diversos sal\u00f5es, incluindo a Sala \u00c1rabe, e aprender sobre os eventos e cerim\u00f4nias que ocorreram no pal\u00e1cio ao longo dos anos.<\/p><p><br><\/p>\n<p style=\"padding: 0px; margin: 0px; overflow-wrap: break-word;\">Al\u00e9m das visitas guiadas, o Pal\u00e1cio da Bolsa tamb\u00e9m \u00e9 palco de diversos eventos culturais e exposi\u00e7\u00f5es ao longo do ano. De concertos a exposi\u00e7\u00f5es de arte, este edif\u00edcio hist\u00f3rico continua a desempenhar um papel ativo na vida cultural da cidade.<br><\/p>\n<p style=\"background-color: rgb(255, 255, 255);\"><strong><br><\/strong><\/p>\n<p style=\"background-color: rgb(255, 255, 255);\"><strong>Conclus\u00e3o<\/strong><\/p><p style=\"background-color: rgb(255, 255, 255);\">O Pal\u00e1cio da Bolsa \u00e9 uma joia arquitet\u00f4nica que oferece uma vis\u00e3o fascinante da hist\u00f3ria do Porto. Ao explorar suas salas suntuosas e ouvir as hist\u00f3rias contadas pelos guias, os visitantes podem mergulhar no passado da cidade e apreciar a beleza do neocl\u00e1ssico. N\u00e3o importa se voc\u00ea \u00e9 um entusiasta da arquitetura, um amante da hist\u00f3ria ou simplesmente algu\u00e9m que busca uma experi\u00eancia cultural \u00fanica, o Pal\u00e1cio da Bolsa \u00e9 um destino imperd\u00edvel em sua visita ao Porto.<\/p>\n\n\n\n\n\n\n\n\n\n\n","protected":false},"excerpt":{"rendered":"<p>Um impressionante edif\u00edcio neocl\u00e1ssico no cora\u00e7\u00e3o do Porto, conhecido pela sua Sala \u00c1rabe exuberante. Oferece visitas guiadas que proporcionam uma vis\u00e3o interessante da hist\u00f3ria da cidade.<\/p>\n","protected":false},"author":0,"featured_media":147,"comment_status":"closed","ping_status":"closed","sticky":false,"template":"","format":"standard","meta":{"pagelayer_contact_templates":[],"_pagelayer_content":"","footnotes":""},"categories":[13,15],"tags":[],"class_list":["post-41","post","type-post","status-publish","format-standard","has-post-thumbnail","hentry","category-museu","category-todas"],"yoast_head":"<!-- This site is optimized with the Yoast SEO plugin v23.5 - https:\/\/yoast.com\/wordpress\/plugins\/seo\/ -->\n<title>Pal\u00e1cio da Bolsa - cub&iacute;cullum<\/title>\n<meta name=\"robots\" content=\"index, follow, max-snippet:-1, max-image-preview:large, max-video-preview:-1\" \/>\n<link rel=\"canonical\" href=\"https:\/\/dev.ubizportugal.pt\/cubicullum\/index.php\/2023\/09\/04\/kitchen-inspired-on-japanese\/\" \/>\n<meta property=\"og:locale\" content=\"en_US\" \/>\n<meta property=\"og:type\" content=\"article\" \/>\n<meta property=\"og:title\" content=\"Pal\u00e1cio da Bolsa - cub&iacute;cullum\" \/>\n<meta property=\"og:description\" content=\"Um impressionante edif\u00edcio neocl\u00e1ssico no cora\u00e7\u00e3o do Porto, conhecido pela sua Sala \u00c1rabe exuberante. Oferece visitas guiadas que proporcionam uma vis\u00e3o interessante da hist\u00f3ria da cidade.\" \/>\n<meta property=\"og:url\" content=\"https:\/\/dev.ubizportugal.pt\/cubicullum\/index.php\/2023\/09\/04\/kitchen-inspired-on-japanese\/\" \/>\n<meta property=\"og:site_name\" content=\"cub&iacute;cullum\" \/>\n<meta property=\"article:publisher\" content=\"https:\/\/www.facebook.com\/Cubicullum\" \/>\n<meta property=\"article:published_time\" content=\"2023-09-04T19:17:17+00:00\" \/>\n<meta property=\"article:modified_time\" content=\"2023-10-03T19:10:15+00:00\" \/>\n<meta property=\"og:image\" content=\"https:\/\/dev.ubizportugal.pt\/cubicullum\/wp-content\/uploads\/2023\/09\/arquitetura-neoclassica-Palacio-da-Bolsa.webp\" \/>\n\t<meta property=\"og:image:width\" content=\"760\" \/>\n\t<meta property=\"og:image:height\" content=\"506\" \/>\n\t<meta property=\"og:image:type\" content=\"image\/webp\" \/>\n<meta name=\"twitter:card\" content=\"summary_large_image\" \/>\n<meta name=\"twitter:label1\" content=\"Est. reading time\" \/>\n\t<meta name=\"twitter:data1\" content=\"2 minutes\" \/>\n<script type=\"application\/ld+json\" class=\"yoast-schema-graph\">{\"@context\":\"https:\/\/schema.org\",\"@graph\":[{\"@type\":\"Article\",\"@id\":\"https:\/\/dev.ubizportugal.pt\/cubicullum\/index.php\/2023\/09\/04\/kitchen-inspired-on-japanese\/#article\",\"isPartOf\":{\"@id\":\"https:\/\/dev.ubizportugal.pt\/cubicullum\/index.php\/2023\/09\/04\/kitchen-inspired-on-japanese\/\"},\"author\":{\"name\":\"\",\"@id\":\"\"},\"headline\":\"Pal\u00e1cio da Bolsa\",\"datePublished\":\"2023-09-04T19:17:17+00:00\",\"dateModified\":\"2023-10-03T19:10:15+00:00\",\"mainEntityOfPage\":{\"@id\":\"https:\/\/dev.ubizportugal.pt\/cubicullum\/index.php\/2023\/09\/04\/kitchen-inspired-on-japanese\/\"},\"wordCount\":446,\"publisher\":{\"@id\":\"https:\/\/dev.ubizportugal.pt\/cubicullum\/#organization\"},\"image\":{\"@id\":\"https:\/\/dev.ubizportugal.pt\/cubicullum\/index.php\/2023\/09\/04\/kitchen-inspired-on-japanese\/#primaryimage\"},\"thumbnailUrl\":\"https:\/\/dev.ubizportugal.pt\/cubicullum\/wp-content\/uploads\/2023\/09\/arquitetura-neoclassica-Palacio-da-Bolsa.webp\",\"articleSection\":[\"Museu\",\"Todas\"],\"inLanguage\":\"en-US\"},{\"@type\":\"WebPage\",\"@id\":\"https:\/\/dev.ubizportugal.pt\/cubicullum\/index.php\/2023\/09\/04\/kitchen-inspired-on-japanese\/\",\"url\":\"https:\/\/dev.ubizportugal.pt\/cubicullum\/index.php\/2023\/09\/04\/kitchen-inspired-on-japanese\/\",\"name\":\"Pal\u00e1cio da Bolsa - cub&iacute;cullum\",\"isPartOf\":{\"@id\":\"https:\/\/dev.ubizportugal.pt\/cubicullum\/#website\"},\"primaryImageOfPage\":{\"@id\":\"https:\/\/dev.ubizportugal.pt\/cubicullum\/index.php\/2023\/09\/04\/kitchen-inspired-on-japanese\/#primaryimage\"},\"image\":{\"@id\":\"https:\/\/dev.ubizportugal.pt\/cubicullum\/index.php\/2023\/09\/04\/kitchen-inspired-on-japanese\/#primaryimage\"},\"thumbnailUrl\":\"https:\/\/dev.ubizportugal.pt\/cubicullum\/wp-content\/uploads\/2023\/09\/arquitetura-neoclassica-Palacio-da-Bolsa.webp\",\"datePublished\":\"2023-09-04T19:17:17+00:00\",\"dateModified\":\"2023-10-03T19:10:15+00:00\",\"breadcrumb\":{\"@id\":\"https:\/\/dev.ubizportugal.pt\/cubicullum\/index.php\/2023\/09\/04\/kitchen-inspired-on-japanese\/#breadcrumb\"},\"inLanguage\":\"en-US\",\"potentialAction\":[{\"@type\":\"ReadAction\",\"target\":[\"https:\/\/dev.ubizportugal.pt\/cubicullum\/index.php\/2023\/09\/04\/kitchen-inspired-on-japanese\/\"]}]},{\"@type\":\"ImageObject\",\"inLanguage\":\"en-US\",\"@id\":\"https:\/\/dev.ubizportugal.pt\/cubicullum\/index.php\/2023\/09\/04\/kitchen-inspired-on-japanese\/#primaryimage\",\"url\":\"https:\/\/dev.ubizportugal.pt\/cubicullum\/wp-content\/uploads\/2023\/09\/arquitetura-neoclassica-Palacio-da-Bolsa.webp\",\"contentUrl\":\"https:\/\/dev.ubizportugal.pt\/cubicullum\/wp-content\/uploads\/2023\/09\/arquitetura-neoclassica-Palacio-da-Bolsa.webp\",\"width\":760,\"height\":506},{\"@type\":\"BreadcrumbList\",\"@id\":\"https:\/\/dev.ubizportugal.pt\/cubicullum\/index.php\/2023\/09\/04\/kitchen-inspired-on-japanese\/#breadcrumb\",\"itemListElement\":[{\"@type\":\"ListItem\",\"position\":1,\"name\":\"Home\",\"item\":\"https:\/\/dev.ubizportugal.pt\/cubicullum\/\"},{\"@type\":\"ListItem\",\"position\":2,\"name\":\"Pal\u00e1cio da Bolsa\"}]},{\"@type\":\"WebSite\",\"@id\":\"https:\/\/dev.ubizportugal.pt\/cubicullum\/#website\",\"url\":\"https:\/\/dev.ubizportugal.pt\/cubicullum\/\",\"name\":\"Cub\u00edcullum\",\"description\":\"turism apartments rooms\",\"publisher\":{\"@id\":\"https:\/\/dev.ubizportugal.pt\/cubicullum\/#organization\"},\"potentialAction\":[{\"@type\":\"SearchAction\",\"target\":{\"@type\":\"EntryPoint\",\"urlTemplate\":\"https:\/\/dev.ubizportugal.pt\/cubicullum\/?s={search_term_string}\"},\"query-input\":{\"@type\":\"PropertyValueSpecification\",\"valueRequired\":true,\"valueName\":\"search_term_string\"}}],\"inLanguage\":\"en-US\"},{\"@type\":\"Organization\",\"@id\":\"https:\/\/dev.ubizportugal.pt\/cubicullum\/#organization\",\"name\":\"Cub\u00edcullum\",\"url\":\"https:\/\/dev.ubizportugal.pt\/cubicullum\/\",\"logo\":{\"@type\":\"ImageObject\",\"inLanguage\":\"en-US\",\"@id\":\"https:\/\/dev.ubizportugal.pt\/cubicullum\/#\/schema\/logo\/image\/\",\"url\":\"https:\/\/dev.ubizportugal.pt\/cubicullum\/wp-content\/uploads\/2023\/09\/cropped-cropped-Design-sem-nome-2.png\",\"contentUrl\":\"https:\/\/dev.ubizportugal.pt\/cubicullum\/wp-content\/uploads\/2023\/09\/cropped-cropped-Design-sem-nome-2.png\",\"width\":512,\"height\":512,\"caption\":\"Cub\u00edcullum\"},\"image\":{\"@id\":\"https:\/\/dev.ubizportugal.pt\/cubicullum\/#\/schema\/logo\/image\/\"},\"sameAs\":[\"https:\/\/www.facebook.com\/Cubicullum\",\"https:\/\/www.instagram.com\/cubiculum_gaya_rooms\/\"]}]}<\/script>\n<!-- \/ Yoast SEO plugin. -->","yoast_head_json":{"title":"Pal\u00e1cio da Bolsa - cub&iacute;cullum","robots":{"index":"index","follow":"follow","max-snippet":"max-snippet:-1","max-image-preview":"max-image-preview:large","max-video-preview":"max-video-preview:-1"},"canonical":"https:\/\/dev.ubizportugal.pt\/cubicullum\/index.php\/2023\/09\/04\/kitchen-inspired-on-japanese\/","og_locale":"en_US","og_type":"article","og_title":"Pal\u00e1cio da Bolsa - cub&iacute;cullum","og_description":"Um impressionante edif\u00edcio neocl\u00e1ssico no cora\u00e7\u00e3o do Porto, conhecido pela sua Sala \u00c1rabe exuberante. Oferece visitas guiadas que proporcionam uma vis\u00e3o interessante da hist\u00f3ria da cidade.","og_url":"https:\/\/dev.ubizportugal.pt\/cubicullum\/index.php\/2023\/09\/04\/kitchen-inspired-on-japanese\/","og_site_name":"cub&iacute;cullum","article_publisher":"https:\/\/www.facebook.com\/Cubicullum","article_published_time":"2023-09-04T19:17:17+00:00","article_modified_time":"2023-10-03T19:10:15+00:00","og_image":[{"width":760,"height":506,"url":"https:\/\/dev.ubizportugal.pt\/cubicullum\/wp-content\/uploads\/2023\/09\/arquitetura-neoclassica-Palacio-da-Bolsa.webp","type":"image\/webp"}],"twitter_card":"summary_large_image","twitter_misc":{"Est. reading time":"2 minutes"},"schema":{"@context":"https:\/\/schema.org","@graph":[{"@type":"Article","@id":"https:\/\/dev.ubizportugal.pt\/cubicullum\/index.php\/2023\/09\/04\/kitchen-inspired-on-japanese\/#article","isPartOf":{"@id":"https:\/\/dev.ubizportugal.pt\/cubicullum\/index.php\/2023\/09\/04\/kitchen-inspired-on-japanese\/"},"author":{"name":"","@id":""},"headline":"Pal\u00e1cio da Bolsa","datePublished":"2023-09-04T19:17:17+00:00","dateModified":"2023-10-03T19:10:15+00:00","mainEntityOfPage":{"@id":"https:\/\/dev.ubizportugal.pt\/cubicullum\/index.php\/2023\/09\/04\/kitchen-inspired-on-japanese\/"},"wordCount":446,"publisher":{"@id":"https:\/\/dev.ubizportugal.pt\/cubicullum\/#organization"},"image":{"@id":"https:\/\/dev.ubizportugal.pt\/cubicullum\/index.php\/2023\/09\/04\/kitchen-inspired-on-japanese\/#primaryimage"},"thumbnailUrl":"https:\/\/dev.ubizportugal.pt\/cubicullum\/wp-content\/uploads\/2023\/09\/arquitetura-neoclassica-Palacio-da-Bolsa.webp","articleSection":["Museu","Todas"],"inLanguage":"en-US"},{"@type":"WebPage","@id":"https:\/\/dev.ubizportugal.pt\/cubicullum\/index.php\/2023\/09\/04\/kitchen-inspired-on-japanese\/","url":"https:\/\/dev.ubizportugal.pt\/cubicullum\/index.php\/2023\/09\/04\/kitchen-inspired-on-japanese\/","name":"Pal\u00e1cio da Bolsa - cub&iacute;cullum","isPartOf":{"@id":"https:\/\/dev.ubizportugal.pt\/cubicullum\/#website"},"primaryImageOfPage":{"@id":"https:\/\/dev.ubizportugal.pt\/cubicullum\/index.php\/2023\/09\/04\/kitchen-inspired-on-japanese\/#primaryimage"},"image":{"@id":"https:\/\/dev.ubizportugal.pt\/cubicullum\/index.php\/2023\/09\/04\/kitchen-inspired-on-japanese\/#primaryimage"},"thumbnailUrl":"https:\/\/dev.ubizportugal.pt\/cubicullum\/wp-content\/uploads\/2023\/09\/arquitetura-neoclassica-Palacio-da-Bolsa.webp","datePublished":"2023-09-04T19:17:17+00:00","dateModified":"2023-10-03T19:10:15+00:00","breadcrumb":{"@id":"https:\/\/dev.ubizportugal.pt\/cubicullum\/index.php\/2023\/09\/04\/kitchen-inspired-on-japanese\/#breadcrumb"},"inLanguage":"en-US","potentialAction":[{"@type":"ReadAction","target":["https:\/\/dev.ubizportugal.pt\/cubicullum\/index.php\/2023\/09\/04\/kitchen-inspired-on-japanese\/"]}]},{"@type":"ImageObject","inLanguage":"en-US","@id":"https:\/\/dev.ubizportugal.pt\/cubicullum\/index.php\/2023\/09\/04\/kitchen-inspired-on-japanese\/#primaryimage","url":"https:\/\/dev.ubizportugal.pt\/cubicullum\/wp-content\/uploads\/2023\/09\/arquitetura-neoclassica-Palacio-da-Bolsa.webp","contentUrl":"https:\/\/dev.ubizportugal.pt\/cubicullum\/wp-content\/uploads\/2023\/09\/arquitetura-neoclassica-Palacio-da-Bolsa.webp","width":760,"height":506},{"@type":"BreadcrumbList","@id":"https:\/\/dev.ubizportugal.pt\/cubicullum\/index.php\/2023\/09\/04\/kitchen-inspired-on-japanese\/#breadcrumb","itemListElement":[{"@type":"ListItem","position":1,"name":"Home","item":"https:\/\/dev.ubizportugal.pt\/cubicullum\/"},{"@type":"ListItem","position":2,"name":"Pal\u00e1cio da Bolsa"}]},{"@type":"WebSite","@id":"https:\/\/dev.ubizportugal.pt\/cubicullum\/#website","url":"https:\/\/dev.ubizportugal.pt\/cubicullum\/","name":"Cub\u00edcullum","description":"turism apartments rooms","publisher":{"@id":"https:\/\/dev.ubizportugal.pt\/cubicullum\/#organization"},"potentialAction":[{"@type":"SearchAction","target":{"@type":"EntryPoint","urlTemplate":"https:\/\/dev.ubizportugal.pt\/cubicullum\/?s={search_term_string}"},"query-input":{"@type":"PropertyValueSpecification","valueRequired":true,"valueName":"search_term_string"}}],"inLanguage":"en-US"},{"@type":"Organization","@id":"https:\/\/dev.ubizportugal.pt\/cubicullum\/#organization","name":"Cub\u00edcullum","url":"https:\/\/dev.ubizportugal.pt\/cubicullum\/","logo":{"@type":"ImageObject","inLanguage":"en-US","@id":"https:\/\/dev.ubizportugal.pt\/cubicullum\/#\/schema\/logo\/image\/","url":"https:\/\/dev.ubizportugal.pt\/cubicullum\/wp-content\/uploads\/2023\/09\/cropped-cropped-Design-sem-nome-2.png","contentUrl":"https:\/\/dev.ubizportugal.pt\/cubicullum\/wp-content\/uploads\/2023\/09\/cropped-cropped-Design-sem-nome-2.png","width":512,"height":512,"caption":"Cub\u00edcullum"},"image":{"@id":"https:\/\/dev.ubizportugal.pt\/cubicullum\/#\/schema\/logo\/image\/"},"sameAs":["https:\/\/www.facebook.com\/Cubicullum","https:\/\/www.instagram.com\/cubiculum_gaya_rooms\/"]}]}},"_links":{"self":[{"href":"https:\/\/dev.ubizportugal.pt\/cubicullum\/index.php\/wp-json\/wp\/v2\/posts\/41","targetHints":{"allow":["GET"]}}],"collection":[{"href":"https:\/\/dev.ubizportugal.pt\/cubicullum\/index.php\/wp-json\/wp\/v2\/posts"}],"about":[{"href":"https:\/\/dev.ubizportugal.pt\/cubicullum\/index.php\/wp-json\/wp\/v2\/types\/post"}],"replies":[{"embeddable":true,"href":"https:\/\/dev.ubizportugal.pt\/cubicullum\/index.php\/wp-json\/wp\/v2\/comments?post=41"}],"version-history":[{"count":7,"href":"https:\/\/dev.ubizportugal.pt\/cubicullum\/index.php\/wp-json\/wp\/v2\/posts\/41\/revisions"}],"predecessor-version":[{"id":530,"href":"https:\/\/dev.ubizportugal.pt\/cubicullum\/index.php\/wp-json\/wp\/v2\/posts\/41\/revisions\/530"}],"wp:featuredmedia":[{"embeddable":true,"href":"https:\/\/dev.ubizportugal.pt\/cubicullum\/index.php\/wp-json\/wp\/v2\/media\/147"}],"wp:attachment":[{"href":"https:\/\/dev.ubizportugal.pt\/cubicullum\/index.php\/wp-json\/wp\/v2\/media?parent=41"}],"wp:term":[{"taxonomy":"category","embeddable":true,"href":"https:\/\/dev.ubizportugal.pt\/cubicullum\/index.php\/wp-json\/wp\/v2\/categories?post=41"},{"taxonomy":"post_tag","embeddable":true,"href":"https:\/\/dev.ubizportugal.pt\/cubicullum\/index.php\/wp-json\/wp\/v2\/tags?post=41"}],"curies":[{"name":"wp","href":"https:\/\/api.w.org\/{rel}","templated":true}]}}