{"id":40,"date":"2023-09-04T19:17:17","date_gmt":"2023-09-04T19:17:17","guid":{"rendered":"https:\/\/ubizportugal.pt\/cub%C3%ADcullum\/index.php\/2023\/09\/04\/lorem-ipsum-dolor-sit-amet\/"},"modified":"2023-10-03T19:13:55","modified_gmt":"2023-10-03T19:13:55","slug":"lorem-ipsum-dolor-sit-amet","status":"publish","type":"post","link":"https:\/\/dev.ubizportugal.pt\/cubicullum\/index.php\/2023\/09\/04\/lorem-ipsum-dolor-sit-amet\/","title":{"rendered":"Parques e Jardins"},"content":{"rendered":"\n\n\n<p>O Parque da Cidade do Porto \u00e9 uma j\u00f3ia verde situada no cora\u00e7\u00e3o da cidade. Este \u00e9 um dos maiores parques urbanos da Europa, e oferece aos visitantes uma pausa tranquila e revigorante da agita\u00e7\u00e3o da vida urbana. Com uma \u00e1rea vasta e uma variedade de atra\u00e7\u00f5es, \u00e9 o lugar perfeito para relaxar e desfrutar da natureza.<\/p><p><strong><br><\/strong><\/p><p><strong>Um Passeio pela Natureza<\/strong><\/p><p>Com trilhas para caminhadas, \u00e1reas de piquenique e extensos gramados, o Parque da Cidade \u00e9 um local ideal para um passeio relaxante. Voc\u00ea pode explorar a p\u00e9 ou de bicicleta, observando a flora local e apreciando a paisagem natural. Ao longo do ano, o parque oferece uma variedade de cores, desde a exuber\u00e2ncia verde da primavera at\u00e9 as folhas douradas do outono.<\/p><p><strong><br><\/strong><\/p><p><strong>Atividades ao Ar Livre<\/strong><\/p><p>Para os entusiastas de esportes ao ar livre, o Parque da Cidade oferece in\u00fameras oportunidades. H\u00e1 quadras de t\u00eanis, campos de futebol, \u00e1reas para correr e at\u00e9 mesmo um campo de golfe. \u00c9 um local muito popular para corredores e ciclistas que desejam manter-se ativos enquanto desfrutam da beleza natural.<\/p><p><strong><br><\/strong><\/p><p><strong>Arte e Cultura<\/strong><\/p><p>Al\u00e9m de sua beleza natural, o Parque da Cidade tamb\u00e9m \u00e9 lar de v\u00e1rias esculturas e instala\u00e7\u00f5es de arte contempor\u00e2nea, tornando-o um local interessante para os amantes da arte e da cultura. Voc\u00ea pode passear pelo parque enquanto aprecia essas obras de arte, adicionando uma dimens\u00e3o extra \u00e0 sua visita.<\/p><p><strong><br><\/strong><\/p><p><strong>Jardim Bot\u00e2nico do Porto: Um O\u00e1sis de Biodiversidade<\/strong><\/p><p>O Jardim Bot\u00e2nico do Porto \u00e9 um santu\u00e1rio da biodiversidade, localizado no cora\u00e7\u00e3o da cidade. Este espa\u00e7o verde \u00e9 dedicado \u00e0 conserva\u00e7\u00e3o de plantas e \u00e0 educa\u00e7\u00e3o ambiental, oferecendo aos visitantes a oportunidade de conhecer uma vasta cole\u00e7\u00e3o de esp\u00e9cies vegetais de todo o mundo.<\/p><p><strong><br><\/strong><\/p><p><strong>Explorando a Diversidade Bot\u00e2nica<\/strong><\/p><p>Ao passear pelos caminhos sinuosos do Jardim Bot\u00e2nico, voc\u00ea encontrar\u00e1 uma incr\u00edvel variedade de plantas, desde esp\u00e9cies locais at\u00e9 exemplares ex\u00f3ticos de v\u00e1rias partes do globo. \u00c9 um lugar perfeito para aprender sobre a riqueza da flora mundial e a import\u00e2ncia da conserva\u00e7\u00e3o.<\/p>\n<p style=\"padding: 0px; margin: 0px; overflow-wrap: break-word;\">A atmosfera tranquila do Jardim Bot\u00e2nico faz dele um local ideal para um passeio relaxante. As \u00e1reas de descanso, como bancos e \u00e1reas sombreadas, convidam os visitantes a sentar, relaxar e apreciar a beleza das plantas ao seu redor. \u00c9 um ref\u00fagio pac\u00edfico e educativo no cora\u00e7\u00e3o do Porto.<\/p>\n<p><span style=\"background-color: rgb(255, 255, 255);\"><br><\/span><\/p>\n<p><span style=\"background-color: rgb(255, 255, 255);\"><strong>Educa\u00e7\u00e3o Ambiental<\/strong><\/span><br><\/p><p style=\"background-color: rgb(255, 255, 255);\">O Jardim Bot\u00e2nico tamb\u00e9m desempenha um papel importante na educa\u00e7\u00e3o ambiental. Oferece programas educativos para todas as idades, incluindo visitas guiadas e atividades interativas. \u00c9 um lugar onde a ci\u00eancia e a natureza se encontram, proporcionando uma experi\u00eancia enriquecedora para os visitantes de todas as idades.<\/p><p style=\"background-color: rgb(255, 255, 255);\"><strong><br><\/strong><\/p><p style=\"background-color: rgb(255, 255, 255);\"><strong>Conclus\u00e3o<\/strong><\/p><p style=\"background-color: rgb(255, 255, 255);\">Tanto o Parque da Cidade do Porto como o Jardim Bot\u00e2nico do Porto s\u00e3o lugares maravilhosos para quem busca um momento de tranquilidade e conex\u00e3o com a natureza. Cada um oferece uma experi\u00eancia \u00fanica, seja para relaxar, praticar esportes ao ar livre ou aprender sobre a diversidade bot\u00e2nica. Se voc\u00ea est\u00e1 visitando o Porto, n\u00e3o deixe de explorar esses tesouros naturais que a cidade tem a oferecer.<\/p>\n\n\n\n\n\n\n\n\n\n\n","protected":false},"excerpt":{"rendered":"<p>O Parque da Cidade do Porto e o Jardim Bot\u00e2nico do Porto s\u00e3o \u00f3timos lugares para relaxar e desfrutar da natureza.<\/p>\n","protected":false},"author":0,"featured_media":155,"comment_status":"closed","ping_status":"closed","sticky":false,"template":"","format":"standard","meta":{"pagelayer_contact_templates":[],"_pagelayer_content":"","footnotes":""},"categories":[12,15],"tags":[],"class_list":["post-40","post","type-post","status-publish","format-standard","has-post-thumbnail","hentry","category-parque","category-todas"],"yoast_head":"<!-- This site is optimized with the Yoast SEO plugin v23.5 - https:\/\/yoast.com\/wordpress\/plugins\/seo\/ -->\n<title>Parques e Jardins - cub&iacute;cullum<\/title>\n<meta name=\"robots\" content=\"index, follow, max-snippet:-1, max-image-preview:large, max-video-preview:-1\" \/>\n<link rel=\"canonical\" href=\"https:\/\/dev.ubizportugal.pt\/cubicullum\/index.php\/2023\/09\/04\/lorem-ipsum-dolor-sit-amet\/\" \/>\n<meta property=\"og:locale\" content=\"en_US\" \/>\n<meta property=\"og:type\" content=\"article\" \/>\n<meta property=\"og:title\" content=\"Parques e Jardins - cub&iacute;cullum\" \/>\n<meta property=\"og:description\" content=\"O Parque da Cidade do Porto e o Jardim Bot\u00e2nico do Porto s\u00e3o \u00f3timos lugares para relaxar e desfrutar da natureza.\" \/>\n<meta property=\"og:url\" content=\"https:\/\/dev.ubizportugal.pt\/cubicullum\/index.php\/2023\/09\/04\/lorem-ipsum-dolor-sit-amet\/\" \/>\n<meta property=\"og:site_name\" content=\"cub&iacute;cullum\" \/>\n<meta property=\"article:publisher\" content=\"https:\/\/www.facebook.com\/Cubicullum\" \/>\n<meta property=\"article:published_time\" content=\"2023-09-04T19:17:17+00:00\" \/>\n<meta property=\"article:modified_time\" content=\"2023-10-03T19:13:55+00:00\" \/>\n<meta property=\"og:image\" content=\"https:\/\/dev.ubizportugal.pt\/cubicullum\/wp-content\/uploads\/2023\/09\/OIP-5.jpeg\" \/>\n\t<meta property=\"og:image:width\" content=\"474\" \/>\n\t<meta property=\"og:image:height\" content=\"315\" \/>\n\t<meta property=\"og:image:type\" content=\"image\/jpeg\" \/>\n<meta name=\"twitter:card\" content=\"summary_large_image\" \/>\n<meta name=\"twitter:label1\" content=\"Est. reading time\" \/>\n\t<meta name=\"twitter:data1\" content=\"3 minutes\" \/>\n<script type=\"application\/ld+json\" class=\"yoast-schema-graph\">{\"@context\":\"https:\/\/schema.org\",\"@graph\":[{\"@type\":\"Article\",\"@id\":\"https:\/\/dev.ubizportugal.pt\/cubicullum\/index.php\/2023\/09\/04\/lorem-ipsum-dolor-sit-amet\/#article\",\"isPartOf\":{\"@id\":\"https:\/\/dev.ubizportugal.pt\/cubicullum\/index.php\/2023\/09\/04\/lorem-ipsum-dolor-sit-amet\/\"},\"author\":{\"name\":\"\",\"@id\":\"\"},\"headline\":\"Parques e Jardins\",\"datePublished\":\"2023-09-04T19:17:17+00:00\",\"dateModified\":\"2023-10-03T19:13:55+00:00\",\"mainEntityOfPage\":{\"@id\":\"https:\/\/dev.ubizportugal.pt\/cubicullum\/index.php\/2023\/09\/04\/lorem-ipsum-dolor-sit-amet\/\"},\"wordCount\":532,\"publisher\":{\"@id\":\"https:\/\/dev.ubizportugal.pt\/cubicullum\/#organization\"},\"image\":{\"@id\":\"https:\/\/dev.ubizportugal.pt\/cubicullum\/index.php\/2023\/09\/04\/lorem-ipsum-dolor-sit-amet\/#primaryimage\"},\"thumbnailUrl\":\"https:\/\/dev.ubizportugal.pt\/cubicullum\/wp-content\/uploads\/2023\/09\/OIP-5.jpeg\",\"articleSection\":[\"Parque\",\"Todas\"],\"inLanguage\":\"en-US\"},{\"@type\":\"WebPage\",\"@id\":\"https:\/\/dev.ubizportugal.pt\/cubicullum\/index.php\/2023\/09\/04\/lorem-ipsum-dolor-sit-amet\/\",\"url\":\"https:\/\/dev.ubizportugal.pt\/cubicullum\/index.php\/2023\/09\/04\/lorem-ipsum-dolor-sit-amet\/\",\"name\":\"Parques e Jardins - cub&iacute;cullum\",\"isPartOf\":{\"@id\":\"https:\/\/dev.ubizportugal.pt\/cubicullum\/#website\"},\"primaryImageOfPage\":{\"@id\":\"https:\/\/dev.ubizportugal.pt\/cubicullum\/index.php\/2023\/09\/04\/lorem-ipsum-dolor-sit-amet\/#primaryimage\"},\"image\":{\"@id\":\"https:\/\/dev.ubizportugal.pt\/cubicullum\/index.php\/2023\/09\/04\/lorem-ipsum-dolor-sit-amet\/#primaryimage\"},\"thumbnailUrl\":\"https:\/\/dev.ubizportugal.pt\/cubicullum\/wp-content\/uploads\/2023\/09\/OIP-5.jpeg\",\"datePublished\":\"2023-09-04T19:17:17+00:00\",\"dateModified\":\"2023-10-03T19:13:55+00:00\",\"breadcrumb\":{\"@id\":\"https:\/\/dev.ubizportugal.pt\/cubicullum\/index.php\/2023\/09\/04\/lorem-ipsum-dolor-sit-amet\/#breadcrumb\"},\"inLanguage\":\"en-US\",\"potentialAction\":[{\"@type\":\"ReadAction\",\"target\":[\"https:\/\/dev.ubizportugal.pt\/cubicullum\/index.php\/2023\/09\/04\/lorem-ipsum-dolor-sit-amet\/\"]}]},{\"@type\":\"ImageObject\",\"inLanguage\":\"en-US\",\"@id\":\"https:\/\/dev.ubizportugal.pt\/cubicullum\/index.php\/2023\/09\/04\/lorem-ipsum-dolor-sit-amet\/#primaryimage\",\"url\":\"https:\/\/dev.ubizportugal.pt\/cubicullum\/wp-content\/uploads\/2023\/09\/OIP-5.jpeg\",\"contentUrl\":\"https:\/\/dev.ubizportugal.pt\/cubicullum\/wp-content\/uploads\/2023\/09\/OIP-5.jpeg\",\"width\":474,\"height\":315},{\"@type\":\"BreadcrumbList\",\"@id\":\"https:\/\/dev.ubizportugal.pt\/cubicullum\/index.php\/2023\/09\/04\/lorem-ipsum-dolor-sit-amet\/#breadcrumb\",\"itemListElement\":[{\"@type\":\"ListItem\",\"position\":1,\"name\":\"Home\",\"item\":\"https:\/\/dev.ubizportugal.pt\/cubicullum\/\"},{\"@type\":\"ListItem\",\"position\":2,\"name\":\"Parques e Jardins\"}]},{\"@type\":\"WebSite\",\"@id\":\"https:\/\/dev.ubizportugal.pt\/cubicullum\/#website\",\"url\":\"https:\/\/dev.ubizportugal.pt\/cubicullum\/\",\"name\":\"Cub\u00edcullum\",\"description\":\"turism apartments rooms\",\"publisher\":{\"@id\":\"https:\/\/dev.ubizportugal.pt\/cubicullum\/#organization\"},\"potentialAction\":[{\"@type\":\"SearchAction\",\"target\":{\"@type\":\"EntryPoint\",\"urlTemplate\":\"https:\/\/dev.ubizportugal.pt\/cubicullum\/?s={search_term_string}\"},\"query-input\":{\"@type\":\"PropertyValueSpecification\",\"valueRequired\":true,\"valueName\":\"search_term_string\"}}],\"inLanguage\":\"en-US\"},{\"@type\":\"Organization\",\"@id\":\"https:\/\/dev.ubizportugal.pt\/cubicullum\/#organization\",\"name\":\"Cub\u00edcullum\",\"url\":\"https:\/\/dev.ubizportugal.pt\/cubicullum\/\",\"logo\":{\"@type\":\"ImageObject\",\"inLanguage\":\"en-US\",\"@id\":\"https:\/\/dev.ubizportugal.pt\/cubicullum\/#\/schema\/logo\/image\/\",\"url\":\"https:\/\/dev.ubizportugal.pt\/cubicullum\/wp-content\/uploads\/2023\/09\/cropped-cropped-Design-sem-nome-2.png\",\"contentUrl\":\"https:\/\/dev.ubizportugal.pt\/cubicullum\/wp-content\/uploads\/2023\/09\/cropped-cropped-Design-sem-nome-2.png\",\"width\":512,\"height\":512,\"caption\":\"Cub\u00edcullum\"},\"image\":{\"@id\":\"https:\/\/dev.ubizportugal.pt\/cubicullum\/#\/schema\/logo\/image\/\"},\"sameAs\":[\"https:\/\/www.facebook.com\/Cubicullum\",\"https:\/\/www.instagram.com\/cubiculum_gaya_rooms\/\"]}]}<\/script>\n<!-- \/ Yoast SEO plugin. -->","yoast_head_json":{"title":"Parques e Jardins - cub&iacute;cullum","robots":{"index":"index","follow":"follow","max-snippet":"max-snippet:-1","max-image-preview":"max-image-preview:large","max-video-preview":"max-video-preview:-1"},"canonical":"https:\/\/dev.ubizportugal.pt\/cubicullum\/index.php\/2023\/09\/04\/lorem-ipsum-dolor-sit-amet\/","og_locale":"en_US","og_type":"article","og_title":"Parques e Jardins - cub&iacute;cullum","og_description":"O Parque da Cidade do Porto e o Jardim Bot\u00e2nico do Porto s\u00e3o \u00f3timos lugares para relaxar e desfrutar da natureza.","og_url":"https:\/\/dev.ubizportugal.pt\/cubicullum\/index.php\/2023\/09\/04\/lorem-ipsum-dolor-sit-amet\/","og_site_name":"cub&iacute;cullum","article_publisher":"https:\/\/www.facebook.com\/Cubicullum","article_published_time":"2023-09-04T19:17:17+00:00","article_modified_time":"2023-10-03T19:13:55+00:00","og_image":[{"width":474,"height":315,"url":"https:\/\/dev.ubizportugal.pt\/cubicullum\/wp-content\/uploads\/2023\/09\/OIP-5.jpeg","type":"image\/jpeg"}],"twitter_card":"summary_large_image","twitter_misc":{"Est. reading time":"3 minutes"},"schema":{"@context":"https:\/\/schema.org","@graph":[{"@type":"Article","@id":"https:\/\/dev.ubizportugal.pt\/cubicullum\/index.php\/2023\/09\/04\/lorem-ipsum-dolor-sit-amet\/#article","isPartOf":{"@id":"https:\/\/dev.ubizportugal.pt\/cubicullum\/index.php\/2023\/09\/04\/lorem-ipsum-dolor-sit-amet\/"},"author":{"name":"","@id":""},"headline":"Parques e Jardins","datePublished":"2023-09-04T19:17:17+00:00","dateModified":"2023-10-03T19:13:55+00:00","mainEntityOfPage":{"@id":"https:\/\/dev.ubizportugal.pt\/cubicullum\/index.php\/2023\/09\/04\/lorem-ipsum-dolor-sit-amet\/"},"wordCount":532,"publisher":{"@id":"https:\/\/dev.ubizportugal.pt\/cubicullum\/#organization"},"image":{"@id":"https:\/\/dev.ubizportugal.pt\/cubicullum\/index.php\/2023\/09\/04\/lorem-ipsum-dolor-sit-amet\/#primaryimage"},"thumbnailUrl":"https:\/\/dev.ubizportugal.pt\/cubicullum\/wp-content\/uploads\/2023\/09\/OIP-5.jpeg","articleSection":["Parque","Todas"],"inLanguage":"en-US"},{"@type":"WebPage","@id":"https:\/\/dev.ubizportugal.pt\/cubicullum\/index.php\/2023\/09\/04\/lorem-ipsum-dolor-sit-amet\/","url":"https:\/\/dev.ubizportugal.pt\/cubicullum\/index.php\/2023\/09\/04\/lorem-ipsum-dolor-sit-amet\/","name":"Parques e Jardins - cub&iacute;cullum","isPartOf":{"@id":"https:\/\/dev.ubizportugal.pt\/cubicullum\/#website"},"primaryImageOfPage":{"@id":"https:\/\/dev.ubizportugal.pt\/cubicullum\/index.php\/2023\/09\/04\/lorem-ipsum-dolor-sit-amet\/#primaryimage"},"image":{"@id":"https:\/\/dev.ubizportugal.pt\/cubicullum\/index.php\/2023\/09\/04\/lorem-ipsum-dolor-sit-amet\/#primaryimage"},"thumbnailUrl":"https:\/\/dev.ubizportugal.pt\/cubicullum\/wp-content\/uploads\/2023\/09\/OIP-5.jpeg","datePublished":"2023-09-04T19:17:17+00:00","dateModified":"2023-10-03T19:13:55+00:00","breadcrumb":{"@id":"https:\/\/dev.ubizportugal.pt\/cubicullum\/index.php\/2023\/09\/04\/lorem-ipsum-dolor-sit-amet\/#breadcrumb"},"inLanguage":"en-US","potentialAction":[{"@type":"ReadAction","target":["https:\/\/dev.ubizportugal.pt\/cubicullum\/index.php\/2023\/09\/04\/lorem-ipsum-dolor-sit-amet\/"]}]},{"@type":"ImageObject","inLanguage":"en-US","@id":"https:\/\/dev.ubizportugal.pt\/cubicullum\/index.php\/2023\/09\/04\/lorem-ipsum-dolor-sit-amet\/#primaryimage","url":"https:\/\/dev.ubizportugal.pt\/cubicullum\/wp-content\/uploads\/2023\/09\/OIP-5.jpeg","contentUrl":"https:\/\/dev.ubizportugal.pt\/cubicullum\/wp-content\/uploads\/2023\/09\/OIP-5.jpeg","width":474,"height":315},{"@type":"BreadcrumbList","@id":"https:\/\/dev.ubizportugal.pt\/cubicullum\/index.php\/2023\/09\/04\/lorem-ipsum-dolor-sit-amet\/#breadcrumb","itemListElement":[{"@type":"ListItem","position":1,"name":"Home","item":"https:\/\/dev.ubizportugal.pt\/cubicullum\/"},{"@type":"ListItem","position":2,"name":"Parques e Jardins"}]},{"@type":"WebSite","@id":"https:\/\/dev.ubizportugal.pt\/cubicullum\/#website","url":"https:\/\/dev.ubizportugal.pt\/cubicullum\/","name":"Cub\u00edcullum","description":"turism apartments rooms","publisher":{"@id":"https:\/\/dev.ubizportugal.pt\/cubicullum\/#organization"},"potentialAction":[{"@type":"SearchAction","target":{"@type":"EntryPoint","urlTemplate":"https:\/\/dev.ubizportugal.pt\/cubicullum\/?s={search_term_string}"},"query-input":{"@type":"PropertyValueSpecification","valueRequired":true,"valueName":"search_term_string"}}],"inLanguage":"en-US"},{"@type":"Organization","@id":"https:\/\/dev.ubizportugal.pt\/cubicullum\/#organization","name":"Cub\u00edcullum","url":"https:\/\/dev.ubizportugal.pt\/cubicullum\/","logo":{"@type":"ImageObject","inLanguage":"en-US","@id":"https:\/\/dev.ubizportugal.pt\/cubicullum\/#\/schema\/logo\/image\/","url":"https:\/\/dev.ubizportugal.pt\/cubicullum\/wp-content\/uploads\/2023\/09\/cropped-cropped-Design-sem-nome-2.png","contentUrl":"https:\/\/dev.ubizportugal.pt\/cubicullum\/wp-content\/uploads\/2023\/09\/cropped-cropped-Design-sem-nome-2.png","width":512,"height":512,"caption":"Cub\u00edcullum"},"image":{"@id":"https:\/\/dev.ubizportugal.pt\/cubicullum\/#\/schema\/logo\/image\/"},"sameAs":["https:\/\/www.facebook.com\/Cubicullum","https:\/\/www.instagram.com\/cubiculum_gaya_rooms\/"]}]}},"_links":{"self":[{"href":"https:\/\/dev.ubizportugal.pt\/cubicullum\/index.php\/wp-json\/wp\/v2\/posts\/40","targetHints":{"allow":["GET"]}}],"collection":[{"href":"https:\/\/dev.ubizportugal.pt\/cubicullum\/index.php\/wp-json\/wp\/v2\/posts"}],"about":[{"href":"https:\/\/dev.ubizportugal.pt\/cubicullum\/index.php\/wp-json\/wp\/v2\/types\/post"}],"replies":[{"embeddable":true,"href":"https:\/\/dev.ubizportugal.pt\/cubicullum\/index.php\/wp-json\/wp\/v2\/comments?post=40"}],"version-history":[{"count":6,"href":"https:\/\/dev.ubizportugal.pt\/cubicullum\/index.php\/wp-json\/wp\/v2\/posts\/40\/revisions"}],"predecessor-version":[{"id":531,"href":"https:\/\/dev.ubizportugal.pt\/cubicullum\/index.php\/wp-json\/wp\/v2\/posts\/40\/revisions\/531"}],"wp:featuredmedia":[{"embeddable":true,"href":"https:\/\/dev.ubizportugal.pt\/cubicullum\/index.php\/wp-json\/wp\/v2\/media\/155"}],"wp:attachment":[{"href":"https:\/\/dev.ubizportugal.pt\/cubicullum\/index.php\/wp-json\/wp\/v2\/media?parent=40"}],"wp:term":[{"taxonomy":"category","embeddable":true,"href":"https:\/\/dev.ubizportugal.pt\/cubicullum\/index.php\/wp-json\/wp\/v2\/categories?post=40"},{"taxonomy":"post_tag","embeddable":true,"href":"https:\/\/dev.ubizportugal.pt\/cubicullum\/index.php\/wp-json\/wp\/v2\/tags?post=40"}],"curies":[{"name":"wp","href":"https:\/\/api.w.org\/{rel}","templated":true}]}}