{"id":350,"date":"2023-09-21T18:50:41","date_gmt":"2023-09-21T18:50:41","guid":{"rendered":"https:\/\/ubizportugal.pt\/cub%C3%ADcullum\/?p=350"},"modified":"2023-09-21T19:09:37","modified_gmt":"2023-09-21T19:09:37","slug":"onde-comer-bem-no-porto","status":"publish","type":"post","link":"https:\/\/dev.ubizportugal.pt\/cubicullum\/index.php\/2023\/09\/21\/onde-comer-bem-no-porto\/","title":{"rendered":"Onde comer bem no Porto : 13 sugest\u00f5es"},"content":{"rendered":"\n\n\n<p><strong>1. Casa Guedes<\/strong><\/p><p>Se nunca experimentou as sandes de pernil a 2,50\u20ac da Casa Guedes, fa\u00e7a um favor a si mesmo e ponha-se a caminho da Pra\u00e7a dos Poveiros. O p\u00e3o \u00e9 de mistura, sempre estaladi\u00e7o, e a carne vem regada com o molho do assado. Para aventureiros h\u00e1 uma alternativa com queijo da Serra. Pre\u00e7o m\u00e9dio por pessoa: 10\u20ac.<\/p><p><strong><br><\/strong><\/p><p><strong>2. Brick Cl\u00e9rigos<\/strong><\/p><p>\u00c9, possivelmente, um dos espa\u00e7os mais bonitos da cidade. E um dos mais saud\u00e1veis tamb\u00e9m. O restaurante ao lado dos Cl\u00e9rigos tem v\u00e1rias op\u00e7\u00f5es de saladas, wraps e t\u00e1buas na carta. Fa\u00e7a-os acompanhar por uma limonada ou por um dos sumos do dia.<\/p><p><strong><br><\/strong><\/p><p><strong>3. Real Hamburgueria Portuguesa<\/strong><\/p><p>A Real Hamburgueria Portuguesa \u00e9, no campeonato dos melhores restaurantes do Porto, a melhor na arte carn\u00edvora entre fatias de p\u00e3o. Em hamb\u00fargueres, portanto. Fica na Rua da Torrinha e a fila de clientes ao almo\u00e7o e ao jantar atestam a qualidade. As batatas fritas estaladi\u00e7as e com casca s\u00e3o um dos pontos fortes da casa. Sim, \u00e9 mesmo poss\u00edvel comer bem no Porto!<\/p><p><strong><br><\/strong><\/p><p><strong>4. Trigo de Cantos<\/strong><\/p><p>Localizado na tradicional (e muito in) Pra\u00e7a dos Poveiros, o restaurante Trigo de Cantos \u00e9 um espa\u00e7o que convida ao petisco e ao conv\u00edvio. A ementa \u00e9 tentadora, recheada de produtos t\u00edpicos de Amarante. Neste espa\u00e7o, n\u00e3o deixe de se deliciar com as t\u00e1buas de queijos e enchidos, acompanhadas pelo famoso vinho verde. Vale ainda a pena experimentar a Francesinha \u00e0 Trigo de Cantos.<\/p><p><strong><br><\/strong><\/p><p><strong>5. Adega S\u00e3o Nicolau<\/strong><\/p><p>Se anda \u00e0 procura de comida tradicional portuguesa visite a Adega S\u00e3o Nicolau, na rua com o mesmo nome na Ribeira. V\u00e1 com tempo porque a adega est\u00e1 quase sempre cheia (e n\u00e3o \u00e9 muito grande, diga-se) e n\u00e3o deixe de experimentar os filetes de polvo.<\/p><p><strong><br><\/strong><\/p><p><strong>6. Bras\u00e3o Cervejaria<\/strong><\/p><p>\u00c9 um dos restaurantes da moda onde se pode comer bem no Porto e de forma tradicional. Na carta n\u00e3o faltam petiscos \u2013 como a cebola frita ou os riss\u00f3is de cogumelos e choco \u2013 boa carne e, claro, francesinhas. O Bras\u00e3o Cervejaria, dos mesmos donos de outro dos melhores restaurantes do Porto \u2013 O Paparico \u2013 fica na Rua Ramalho Ortig\u00e3o, ao lado dos Aliados. Existe tamb\u00e9m o Bras\u00e3o Coliseu, na Rua Passos Manuel.<\/p>\n<p><strong><br><\/strong><\/p>\n\n<p><strong><br><\/strong><\/p><p><strong>7. Cantina 32<\/strong><\/p><p>O restaurante \u00e9 do chef Lu\u00eds Am\u00e9rico e a decora\u00e7\u00e3o \u00e9 um dos pontos fortes do atual restaurante da moda do Porto (fica na tamb\u00e9m famosa Rua das Flores). N\u00e3o faltam op\u00e7\u00f5es na carta e todas elas s\u00e3o dignas de fotografias incr\u00edveis para o Instagram (para algumas pessoas \u00e9 uma informa\u00e7\u00e3o importante). N\u00e3o deixe de experimentar a vitela assada \u00e0 Laf\u00f5es.<\/p><p><strong><br><\/strong><\/p><p><strong>8. Casa Nanda<\/strong><\/p><p>A Casa Nanda fica na porta 394 da Rua da Alegria e \u00e9 por excel\u00eancia um dos melhores restaurantes do Porto no que a comida caseira diz respeito. Comece pela canja, passe para as costeletas de sardinha e n\u00e3o se levante da mesa sem comer a aletria.<\/p><p><strong><br><\/strong><\/p><p><strong>9. Cantinho do Avillez<\/strong><\/p><p>Quando o chef Jos\u00e9 Avillez decidiu vir para o Porto os foodies locais n\u00e3o podiam ter ficado mais entusiasmados. O primeiro restaurante do chef de renome fica em Mouzinho da Silveira e tem \u00e0 sua espera um dos melhores couverts da cidade. Para sobremesa n\u00e3o tente resistir \u00e0 Avel\u00e3, com tr\u00eas varia\u00e7\u00f5es do ingrediente.<\/p><p><strong><br><\/strong><\/p><p><strong>10. Em Carne Viva<\/strong><\/p><p>N\u00e3o seria de esperar encontrar um bom restaurante vegetariano no Porto com este nome. Mas \u00e9 verdade. Fica na Avenida da Boavista e tem vers\u00f5es vegetarianas de pratos bem portugueses, como o Sem Espinhas \u00e0 Lagareiro, onde o bacalhau \u00e9 substitu\u00eddo por tofu.<\/p><p><strong><br><\/strong><\/p><p><strong>11. LSD Largo de S\u00e3o Domingos<\/strong><\/p><p>No final da famosa Rua das Flores fica o Largo mais gastron\u00f3mico da cidade. \u00c9 mesmo a\u00ed que o LSD tem casa, no Largo S\u00e3o Domingos. Da cozinha saem pratos internacionais e um carrinho de queijos que rapidamente se transformou num dos cart\u00f5es-de-visita da casa.<\/p><p><strong><br><\/strong><\/p><p><strong>12. Panca \u2013 Cevicheria &amp; Pisco Bar<\/strong><\/p><p>As influ\u00eancias sul-americanas fazem-se sentir a dois passos da Pra\u00e7a dos Le\u00f5es e da Reitoria da Universidade do Porto. No Panca servem-se bons ceviches (muito bons, na verdade) e uma pan\u00f3plia de op\u00e7\u00f5es latinas que come\u00e7am nas entradas, passam nas boas carnes na grelha e terminam nas sobremesas de dulce de leche. Comer bem no Porto baseia-se tamb\u00e9m em comida internacional.<\/p><p><strong><br><\/strong><\/p><p><strong>13. Puro 4050<\/strong><\/p><p>Irm\u00e3o do Cantina 32, tamb\u00e9m nesta lista, o Puro 4050 \u00e9 mais um bom exemplar do chef Lu\u00eds Am\u00e9rico. Neste restaurante da Rua das Flores faz-se uma viagem ao sul de It\u00e1lia, num mozzarella bar onde a mat\u00e9ria-prima chega diretamente de Caserta, uma pequena vila na Camp\u00e2nia. Vale a pena pela experi\u00eancia de provar v\u00e1rios tipos de mozarela mas tamb\u00e9m pelos pratos, como os risotos de polvo e castanhas ou o de cogumelos e ricotta cremosa.<\/p>\n\n\n","protected":false},"excerpt":{"rendered":"<p>Que o Porto est\u00e1 na moda j\u00e1 toda a gente sabe. Que \u00e9 f\u00e1cil engordar no Porto tamb\u00e9m. E tudo se deve ao facto da cidade se estar a transformar numa Meca para foodies.<br \/>\nSe n\u00e3o consegue acompanhar o ritmo gastron\u00f3mico da Invicta, estes s\u00e3o os restaurantes que tem de ter sempre em mente quando tiver de escolher .<\/p>\n<p>Todos para a mesa!<\/p>\n","protected":false},"author":1,"featured_media":348,"comment_status":"closed","ping_status":"closed","sticky":false,"template":"","format":"standard","meta":{"pagelayer_contact_templates":[],"_pagelayer_content":"","footnotes":""},"categories":[14,12,15],"tags":[],"class_list":["post-350","post","type-post","status-publish","format-standard","has-post-thumbnail","hentry","category-gastronomia","category-parque","category-todas"],"yoast_head":"<!-- This site is optimized with the Yoast SEO plugin v23.5 - https:\/\/yoast.com\/wordpress\/plugins\/seo\/ -->\n<title>Onde comer bem no Porto : 13 sugest\u00f5es - cub&iacute;cullum<\/title>\n<meta name=\"robots\" content=\"index, follow, max-snippet:-1, max-image-preview:large, max-video-preview:-1\" \/>\n<link rel=\"canonical\" href=\"https:\/\/dev.ubizportugal.pt\/cubicullum\/index.php\/2023\/09\/21\/onde-comer-bem-no-porto\/\" \/>\n<meta property=\"og:locale\" content=\"en_US\" \/>\n<meta property=\"og:type\" content=\"article\" \/>\n<meta property=\"og:title\" content=\"Onde comer bem no Porto : 13 sugest\u00f5es - cub&iacute;cullum\" \/>\n<meta property=\"og:description\" content=\"Que o Porto est\u00e1 na moda j\u00e1 toda a gente sabe. Que \u00e9 f\u00e1cil engordar no Porto tamb\u00e9m. E tudo se deve ao facto da cidade se estar a transformar numa Meca para foodies. Se n\u00e3o consegue acompanhar o ritmo gastron\u00f3mico da Invicta, estes s\u00e3o os restaurantes que tem de ter sempre em mente quando tiver de escolher .  Todos para a mesa!\" \/>\n<meta property=\"og:url\" content=\"https:\/\/dev.ubizportugal.pt\/cubicullum\/index.php\/2023\/09\/21\/onde-comer-bem-no-porto\/\" \/>\n<meta property=\"og:site_name\" content=\"cub&iacute;cullum\" \/>\n<meta property=\"article:publisher\" content=\"https:\/\/www.facebook.com\/Cubicullum\" \/>\n<meta property=\"article:published_time\" content=\"2023-09-21T18:50:41+00:00\" \/>\n<meta property=\"article:modified_time\" content=\"2023-09-21T19:09:37+00:00\" \/>\n<meta property=\"og:image\" content=\"https:\/\/dev.ubizportugal.pt\/cubicullum\/wp-content\/uploads\/2023\/09\/R-e1695322506573.jpeg\" \/>\n\t<meta property=\"og:image:width\" content=\"600\" \/>\n\t<meta property=\"og:image:height\" content=\"469\" \/>\n\t<meta property=\"og:image:type\" content=\"image\/jpeg\" \/>\n<meta name=\"author\" content=\"admin\" \/>\n<meta name=\"twitter:card\" content=\"summary_large_image\" \/>\n<meta name=\"twitter:label1\" content=\"Written by\" \/>\n\t<meta name=\"twitter:data1\" content=\"admin\" \/>\n\t<meta name=\"twitter:label2\" content=\"Est. reading time\" \/>\n\t<meta name=\"twitter:data2\" content=\"4 minutes\" \/>\n<script type=\"application\/ld+json\" class=\"yoast-schema-graph\">{\"@context\":\"https:\/\/schema.org\",\"@graph\":[{\"@type\":\"Article\",\"@id\":\"https:\/\/dev.ubizportugal.pt\/cubicullum\/index.php\/2023\/09\/21\/onde-comer-bem-no-porto\/#article\",\"isPartOf\":{\"@id\":\"https:\/\/dev.ubizportugal.pt\/cubicullum\/index.php\/2023\/09\/21\/onde-comer-bem-no-porto\/\"},\"author\":{\"name\":\"admin\",\"@id\":\"https:\/\/dev.ubizportugal.pt\/cubicullum\/#\/schema\/person\/14a915dec03ae22d536e6918c61bf276\"},\"headline\":\"Onde comer bem no Porto : 13 sugest\u00f5es\",\"datePublished\":\"2023-09-21T18:50:41+00:00\",\"dateModified\":\"2023-09-21T19:09:37+00:00\",\"mainEntityOfPage\":{\"@id\":\"https:\/\/dev.ubizportugal.pt\/cubicullum\/index.php\/2023\/09\/21\/onde-comer-bem-no-porto\/\"},\"wordCount\":828,\"publisher\":{\"@id\":\"https:\/\/dev.ubizportugal.pt\/cubicullum\/#organization\"},\"image\":{\"@id\":\"https:\/\/dev.ubizportugal.pt\/cubicullum\/index.php\/2023\/09\/21\/onde-comer-bem-no-porto\/#primaryimage\"},\"thumbnailUrl\":\"https:\/\/dev.ubizportugal.pt\/cubicullum\/wp-content\/uploads\/2023\/09\/R-e1695322506573.jpeg\",\"articleSection\":[\"Gastronomia\",\"Parque\",\"Todas\"],\"inLanguage\":\"en-US\"},{\"@type\":\"WebPage\",\"@id\":\"https:\/\/dev.ubizportugal.pt\/cubicullum\/index.php\/2023\/09\/21\/onde-comer-bem-no-porto\/\",\"url\":\"https:\/\/dev.ubizportugal.pt\/cubicullum\/index.php\/2023\/09\/21\/onde-comer-bem-no-porto\/\",\"name\":\"Onde comer bem no Porto : 13 sugest\u00f5es - cub&iacute;cullum\",\"isPartOf\":{\"@id\":\"https:\/\/dev.ubizportugal.pt\/cubicullum\/#website\"},\"primaryImageOfPage\":{\"@id\":\"https:\/\/dev.ubizportugal.pt\/cubicullum\/index.php\/2023\/09\/21\/onde-comer-bem-no-porto\/#primaryimage\"},\"image\":{\"@id\":\"https:\/\/dev.ubizportugal.pt\/cubicullum\/index.php\/2023\/09\/21\/onde-comer-bem-no-porto\/#primaryimage\"},\"thumbnailUrl\":\"https:\/\/dev.ubizportugal.pt\/cubicullum\/wp-content\/uploads\/2023\/09\/R-e1695322506573.jpeg\",\"datePublished\":\"2023-09-21T18:50:41+00:00\",\"dateModified\":\"2023-09-21T19:09:37+00:00\",\"breadcrumb\":{\"@id\":\"https:\/\/dev.ubizportugal.pt\/cubicullum\/index.php\/2023\/09\/21\/onde-comer-bem-no-porto\/#breadcrumb\"},\"inLanguage\":\"en-US\",\"potentialAction\":[{\"@type\":\"ReadAction\",\"target\":[\"https:\/\/dev.ubizportugal.pt\/cubicullum\/index.php\/2023\/09\/21\/onde-comer-bem-no-porto\/\"]}]},{\"@type\":\"ImageObject\",\"inLanguage\":\"en-US\",\"@id\":\"https:\/\/dev.ubizportugal.pt\/cubicullum\/index.php\/2023\/09\/21\/onde-comer-bem-no-porto\/#primaryimage\",\"url\":\"https:\/\/dev.ubizportugal.pt\/cubicullum\/wp-content\/uploads\/2023\/09\/R-e1695322506573.jpeg\",\"contentUrl\":\"https:\/\/dev.ubizportugal.pt\/cubicullum\/wp-content\/uploads\/2023\/09\/R-e1695322506573.jpeg\",\"width\":600,\"height\":469},{\"@type\":\"BreadcrumbList\",\"@id\":\"https:\/\/dev.ubizportugal.pt\/cubicullum\/index.php\/2023\/09\/21\/onde-comer-bem-no-porto\/#breadcrumb\",\"itemListElement\":[{\"@type\":\"ListItem\",\"position\":1,\"name\":\"Home\",\"item\":\"https:\/\/dev.ubizportugal.pt\/cubicullum\/\"},{\"@type\":\"ListItem\",\"position\":2,\"name\":\"Onde comer bem no Porto : 13 sugest\u00f5es\"}]},{\"@type\":\"WebSite\",\"@id\":\"https:\/\/dev.ubizportugal.pt\/cubicullum\/#website\",\"url\":\"https:\/\/dev.ubizportugal.pt\/cubicullum\/\",\"name\":\"Cub\u00edcullum\",\"description\":\"turism apartments rooms\",\"publisher\":{\"@id\":\"https:\/\/dev.ubizportugal.pt\/cubicullum\/#organization\"},\"potentialAction\":[{\"@type\":\"SearchAction\",\"target\":{\"@type\":\"EntryPoint\",\"urlTemplate\":\"https:\/\/dev.ubizportugal.pt\/cubicullum\/?s={search_term_string}\"},\"query-input\":{\"@type\":\"PropertyValueSpecification\",\"valueRequired\":true,\"valueName\":\"search_term_string\"}}],\"inLanguage\":\"en-US\"},{\"@type\":\"Organization\",\"@id\":\"https:\/\/dev.ubizportugal.pt\/cubicullum\/#organization\",\"name\":\"Cub\u00edcullum\",\"url\":\"https:\/\/dev.ubizportugal.pt\/cubicullum\/\",\"logo\":{\"@type\":\"ImageObject\",\"inLanguage\":\"en-US\",\"@id\":\"https:\/\/dev.ubizportugal.pt\/cubicullum\/#\/schema\/logo\/image\/\",\"url\":\"https:\/\/dev.ubizportugal.pt\/cubicullum\/wp-content\/uploads\/2023\/09\/cropped-cropped-Design-sem-nome-2.png\",\"contentUrl\":\"https:\/\/dev.ubizportugal.pt\/cubicullum\/wp-content\/uploads\/2023\/09\/cropped-cropped-Design-sem-nome-2.png\",\"width\":512,\"height\":512,\"caption\":\"Cub\u00edcullum\"},\"image\":{\"@id\":\"https:\/\/dev.ubizportugal.pt\/cubicullum\/#\/schema\/logo\/image\/\"},\"sameAs\":[\"https:\/\/www.facebook.com\/Cubicullum\",\"https:\/\/www.instagram.com\/cubiculum_gaya_rooms\/\"]},{\"@type\":\"Person\",\"@id\":\"https:\/\/dev.ubizportugal.pt\/cubicullum\/#\/schema\/person\/14a915dec03ae22d536e6918c61bf276\",\"name\":\"admin\",\"image\":{\"@type\":\"ImageObject\",\"inLanguage\":\"en-US\",\"@id\":\"https:\/\/dev.ubizportugal.pt\/cubicullum\/#\/schema\/person\/image\/\",\"url\":\"https:\/\/secure.gravatar.com\/avatar\/4da817ff365579c81614cc6165a515c97a5472785133718c40105ca1a30875d0?s=96&d=mm&r=g\",\"contentUrl\":\"https:\/\/secure.gravatar.com\/avatar\/4da817ff365579c81614cc6165a515c97a5472785133718c40105ca1a30875d0?s=96&d=mm&r=g\",\"caption\":\"admin\"},\"sameAs\":[\"https:\/\/cubicullum.pt\"],\"url\":\"https:\/\/dev.ubizportugal.pt\/cubicullum\/index.php\/author\/admin\/\"}]}<\/script>\n<!-- \/ Yoast SEO plugin. -->","yoast_head_json":{"title":"Onde comer bem no Porto : 13 sugest\u00f5es - cub&iacute;cullum","robots":{"index":"index","follow":"follow","max-snippet":"max-snippet:-1","max-image-preview":"max-image-preview:large","max-video-preview":"max-video-preview:-1"},"canonical":"https:\/\/dev.ubizportugal.pt\/cubicullum\/index.php\/2023\/09\/21\/onde-comer-bem-no-porto\/","og_locale":"en_US","og_type":"article","og_title":"Onde comer bem no Porto : 13 sugest\u00f5es - cub&iacute;cullum","og_description":"Que o Porto est\u00e1 na moda j\u00e1 toda a gente sabe. Que \u00e9 f\u00e1cil engordar no Porto tamb\u00e9m. E tudo se deve ao facto da cidade se estar a transformar numa Meca para foodies. Se n\u00e3o consegue acompanhar o ritmo gastron\u00f3mico da Invicta, estes s\u00e3o os restaurantes que tem de ter sempre em mente quando tiver de escolher .  Todos para a mesa!","og_url":"https:\/\/dev.ubizportugal.pt\/cubicullum\/index.php\/2023\/09\/21\/onde-comer-bem-no-porto\/","og_site_name":"cub&iacute;cullum","article_publisher":"https:\/\/www.facebook.com\/Cubicullum","article_published_time":"2023-09-21T18:50:41+00:00","article_modified_time":"2023-09-21T19:09:37+00:00","og_image":[{"width":600,"height":469,"url":"https:\/\/dev.ubizportugal.pt\/cubicullum\/wp-content\/uploads\/2023\/09\/R-e1695322506573.jpeg","type":"image\/jpeg"}],"author":"admin","twitter_card":"summary_large_image","twitter_misc":{"Written by":"admin","Est. reading time":"4 minutes"},"schema":{"@context":"https:\/\/schema.org","@graph":[{"@type":"Article","@id":"https:\/\/dev.ubizportugal.pt\/cubicullum\/index.php\/2023\/09\/21\/onde-comer-bem-no-porto\/#article","isPartOf":{"@id":"https:\/\/dev.ubizportugal.pt\/cubicullum\/index.php\/2023\/09\/21\/onde-comer-bem-no-porto\/"},"author":{"name":"admin","@id":"https:\/\/dev.ubizportugal.pt\/cubicullum\/#\/schema\/person\/14a915dec03ae22d536e6918c61bf276"},"headline":"Onde comer bem no Porto : 13 sugest\u00f5es","datePublished":"2023-09-21T18:50:41+00:00","dateModified":"2023-09-21T19:09:37+00:00","mainEntityOfPage":{"@id":"https:\/\/dev.ubizportugal.pt\/cubicullum\/index.php\/2023\/09\/21\/onde-comer-bem-no-porto\/"},"wordCount":828,"publisher":{"@id":"https:\/\/dev.ubizportugal.pt\/cubicullum\/#organization"},"image":{"@id":"https:\/\/dev.ubizportugal.pt\/cubicullum\/index.php\/2023\/09\/21\/onde-comer-bem-no-porto\/#primaryimage"},"thumbnailUrl":"https:\/\/dev.ubizportugal.pt\/cubicullum\/wp-content\/uploads\/2023\/09\/R-e1695322506573.jpeg","articleSection":["Gastronomia","Parque","Todas"],"inLanguage":"en-US"},{"@type":"WebPage","@id":"https:\/\/dev.ubizportugal.pt\/cubicullum\/index.php\/2023\/09\/21\/onde-comer-bem-no-porto\/","url":"https:\/\/dev.ubizportugal.pt\/cubicullum\/index.php\/2023\/09\/21\/onde-comer-bem-no-porto\/","name":"Onde comer bem no Porto : 13 sugest\u00f5es - cub&iacute;cullum","isPartOf":{"@id":"https:\/\/dev.ubizportugal.pt\/cubicullum\/#website"},"primaryImageOfPage":{"@id":"https:\/\/dev.ubizportugal.pt\/cubicullum\/index.php\/2023\/09\/21\/onde-comer-bem-no-porto\/#primaryimage"},"image":{"@id":"https:\/\/dev.ubizportugal.pt\/cubicullum\/index.php\/2023\/09\/21\/onde-comer-bem-no-porto\/#primaryimage"},"thumbnailUrl":"https:\/\/dev.ubizportugal.pt\/cubicullum\/wp-content\/uploads\/2023\/09\/R-e1695322506573.jpeg","datePublished":"2023-09-21T18:50:41+00:00","dateModified":"2023-09-21T19:09:37+00:00","breadcrumb":{"@id":"https:\/\/dev.ubizportugal.pt\/cubicullum\/index.php\/2023\/09\/21\/onde-comer-bem-no-porto\/#breadcrumb"},"inLanguage":"en-US","potentialAction":[{"@type":"ReadAction","target":["https:\/\/dev.ubizportugal.pt\/cubicullum\/index.php\/2023\/09\/21\/onde-comer-bem-no-porto\/"]}]},{"@type":"ImageObject","inLanguage":"en-US","@id":"https:\/\/dev.ubizportugal.pt\/cubicullum\/index.php\/2023\/09\/21\/onde-comer-bem-no-porto\/#primaryimage","url":"https:\/\/dev.ubizportugal.pt\/cubicullum\/wp-content\/uploads\/2023\/09\/R-e1695322506573.jpeg","contentUrl":"https:\/\/dev.ubizportugal.pt\/cubicullum\/wp-content\/uploads\/2023\/09\/R-e1695322506573.jpeg","width":600,"height":469},{"@type":"BreadcrumbList","@id":"https:\/\/dev.ubizportugal.pt\/cubicullum\/index.php\/2023\/09\/21\/onde-comer-bem-no-porto\/#breadcrumb","itemListElement":[{"@type":"ListItem","position":1,"name":"Home","item":"https:\/\/dev.ubizportugal.pt\/cubicullum\/"},{"@type":"ListItem","position":2,"name":"Onde comer bem no Porto : 13 sugest\u00f5es"}]},{"@type":"WebSite","@id":"https:\/\/dev.ubizportugal.pt\/cubicullum\/#website","url":"https:\/\/dev.ubizportugal.pt\/cubicullum\/","name":"Cub\u00edcullum","description":"turism apartments rooms","publisher":{"@id":"https:\/\/dev.ubizportugal.pt\/cubicullum\/#organization"},"potentialAction":[{"@type":"SearchAction","target":{"@type":"EntryPoint","urlTemplate":"https:\/\/dev.ubizportugal.pt\/cubicullum\/?s={search_term_string}"},"query-input":{"@type":"PropertyValueSpecification","valueRequired":true,"valueName":"search_term_string"}}],"inLanguage":"en-US"},{"@type":"Organization","@id":"https:\/\/dev.ubizportugal.pt\/cubicullum\/#organization","name":"Cub\u00edcullum","url":"https:\/\/dev.ubizportugal.pt\/cubicullum\/","logo":{"@type":"ImageObject","inLanguage":"en-US","@id":"https:\/\/dev.ubizportugal.pt\/cubicullum\/#\/schema\/logo\/image\/","url":"https:\/\/dev.ubizportugal.pt\/cubicullum\/wp-content\/uploads\/2023\/09\/cropped-cropped-Design-sem-nome-2.png","contentUrl":"https:\/\/dev.ubizportugal.pt\/cubicullum\/wp-content\/uploads\/2023\/09\/cropped-cropped-Design-sem-nome-2.png","width":512,"height":512,"caption":"Cub\u00edcullum"},"image":{"@id":"https:\/\/dev.ubizportugal.pt\/cubicullum\/#\/schema\/logo\/image\/"},"sameAs":["https:\/\/www.facebook.com\/Cubicullum","https:\/\/www.instagram.com\/cubiculum_gaya_rooms\/"]},{"@type":"Person","@id":"https:\/\/dev.ubizportugal.pt\/cubicullum\/#\/schema\/person\/14a915dec03ae22d536e6918c61bf276","name":"admin","image":{"@type":"ImageObject","inLanguage":"en-US","@id":"https:\/\/dev.ubizportugal.pt\/cubicullum\/#\/schema\/person\/image\/","url":"https:\/\/secure.gravatar.com\/avatar\/4da817ff365579c81614cc6165a515c97a5472785133718c40105ca1a30875d0?s=96&d=mm&r=g","contentUrl":"https:\/\/secure.gravatar.com\/avatar\/4da817ff365579c81614cc6165a515c97a5472785133718c40105ca1a30875d0?s=96&d=mm&r=g","caption":"admin"},"sameAs":["https:\/\/cubicullum.pt"],"url":"https:\/\/dev.ubizportugal.pt\/cubicullum\/index.php\/author\/admin\/"}]}},"_links":{"self":[{"href":"https:\/\/dev.ubizportugal.pt\/cubicullum\/index.php\/wp-json\/wp\/v2\/posts\/350","targetHints":{"allow":["GET"]}}],"collection":[{"href":"https:\/\/dev.ubizportugal.pt\/cubicullum\/index.php\/wp-json\/wp\/v2\/posts"}],"about":[{"href":"https:\/\/dev.ubizportugal.pt\/cubicullum\/index.php\/wp-json\/wp\/v2\/types\/post"}],"author":[{"embeddable":true,"href":"https:\/\/dev.ubizportugal.pt\/cubicullum\/index.php\/wp-json\/wp\/v2\/users\/1"}],"replies":[{"embeddable":true,"href":"https:\/\/dev.ubizportugal.pt\/cubicullum\/index.php\/wp-json\/wp\/v2\/comments?post=350"}],"version-history":[{"count":8,"href":"https:\/\/dev.ubizportugal.pt\/cubicullum\/index.php\/wp-json\/wp\/v2\/posts\/350\/revisions"}],"predecessor-version":[{"id":361,"href":"https:\/\/dev.ubizportugal.pt\/cubicullum\/index.php\/wp-json\/wp\/v2\/posts\/350\/revisions\/361"}],"wp:featuredmedia":[{"embeddable":true,"href":"https:\/\/dev.ubizportugal.pt\/cubicullum\/index.php\/wp-json\/wp\/v2\/media\/348"}],"wp:attachment":[{"href":"https:\/\/dev.ubizportugal.pt\/cubicullum\/index.php\/wp-json\/wp\/v2\/media?parent=350"}],"wp:term":[{"taxonomy":"category","embeddable":true,"href":"https:\/\/dev.ubizportugal.pt\/cubicullum\/index.php\/wp-json\/wp\/v2\/categories?post=350"},{"taxonomy":"post_tag","embeddable":true,"href":"https:\/\/dev.ubizportugal.pt\/cubicullum\/index.php\/wp-json\/wp\/v2\/tags?post=350"}],"curies":[{"name":"wp","href":"https:\/\/api.w.org\/{rel}","templated":true}]}}